{"id":111943,"date":"2025-12-20T11:42:23","date_gmt":"2025-12-20T11:42:23","guid":{"rendered":"https:\/\/www.europesays.com\/se\/111943\/"},"modified":"2025-12-20T11:42:23","modified_gmt":"2025-12-20T11:42:23","slug":"eu-vill-vanta-med-mercosur-avtal-2","status":"publish","type":"post","link":"https:\/\/www.europesays.com\/se\/111943\/","title":{"rendered":"EU vill v\u00e4nta med Mercosur-avtal"},"content":{"rendered":"<p>EU-kommissionens ordf\u00f6rande Ursula von der Leyen meddelade EU-l\u00e4ndernas ledare vid torsdagens toppm\u00f6te i Bryssel att undertecknandet skjuts upp till n\u00e4sta m\u00e5nad, bekr\u00e4ftar en talesperson f\u00f6r kommissionen.<\/p>\n<p>Brasiliens president Lula da Silva ska ta upp fr\u00e5gan om att v\u00e4nta med \u00f6vriga Mercosurl\u00e4nder vid ett m\u00f6te i helgen, d\u00e4r \u00e4ven Argentina, Uruguay och Paraguay deltar, rapporterar nyhetsbyr\u00e5n AFP.<\/p>\n<p>S\u00e5 sent som i onsdags varnade Lula f\u00f6r att det var \u201dnu eller aldrig\u201d f\u00f6r att underteckna avtalet. V\u00e4ndningen kommer dock efter telefonsamtal med Italiens premi\u00e4rminister Giorgia Meloni.<\/p>\n<p>\u2013 (Hon) sade mig att om vi har t\u00e5lamod att v\u00e4nta en vecka, tio dagar, en m\u00e5nad, s\u00e5 kommer Italien att vara redo f\u00f6r avtalet, ber\u00e4ttar Lula efter samtalet.<\/p>\n<p>B\u00e5de Frankrike och Italien har kr\u00e4vt mer tid p\u00e5 sig f\u00f6r att fundera \u00f6ver handelsavtalet mellan EU och Mercosur, som f\u00f6rhandlats i 25 \u00e5rs tid.<\/p>\n","protected":false},"excerpt":{"rendered":"EU-kommissionens ordf\u00f6rande Ursula von der Leyen meddelade EU-l\u00e4ndernas ledare vid torsdagens toppm\u00f6te i Bryssel att undertecknandet skjuts upp&hellip;\n","protected":false},"author":2,"featured_media":111944,"comment_status":"","ping_status":"","sticky":false,"template":"","format":"standard","meta":{"footnotes":""},"categories":[14],"tags":[22,23,26,27,17,21,24,25,28,29,15,16,18,34,31,33,32,30,19,20,51,52,53,54],"class_list":{"0":"post-111943","1":"post","2":"type-post","3":"status-publish","4":"format-standard","5":"has-post-thumbnail","7":"category-varlden","8":"tag-breaking-news","9":"tag-breakingnews","10":"tag-featured-news","11":"tag-featurednews","12":"tag-headlines","13":"tag-huvudnyheter","14":"tag-latest-news","15":"tag-latestnews","16":"tag-main-news","17":"tag-mainnews","18":"tag-news","19":"tag-nyheter","20":"tag-rubriker","21":"tag-se","22":"tag-svenska","23":"tag-sverige","24":"tag-sweden","25":"tag-swedish","26":"tag-top-stories","27":"tag-topstories","28":"tag-varlden","29":"tag-world","30":"tag-world-news","31":"tag-worldnews"},"share_on_mastodon":{"url":"https:\/\/pubeurope.com\/@se\/115751717780384784","error":""},"_links":{"self":[{"href":"https:\/\/www.europesays.com\/se\/wp-json\/wp\/v2\/posts\/111943","targetHints":{"allow":["GET"]}}],"collection":[{"href":"https:\/\/www.europesays.com\/se\/wp-json\/wp\/v2\/posts"}],"about":[{"href":"https:\/\/www.europesays.com\/se\/wp-json\/wp\/v2\/types\/post"}],"author":[{"embeddable":true,"href":"https:\/\/www.europesays.com\/se\/wp-json\/wp\/v2\/users\/2"}],"replies":[{"embeddable":true,"href":"https:\/\/www.europesays.com\/se\/wp-json\/wp\/v2\/comments?post=111943"}],"version-history":[{"count":0,"href":"https:\/\/www.europesays.com\/se\/wp-json\/wp\/v2\/posts\/111943\/revisions"}],"wp:featuredmedia":[{"embeddable":true,"href":"https:\/\/www.europesays.com\/se\/wp-json\/wp\/v2\/media\/111944"}],"wp:attachment":[{"href":"https:\/\/www.europesays.com\/se\/wp-json\/wp\/v2\/media?parent=111943"}],"wp:term":[{"taxonomy":"category","embeddable":true,"href":"https:\/\/www.europesays.com\/se\/wp-json\/wp\/v2\/categories?post=111943"},{"taxonomy":"post_tag","embeddable":true,"href":"https:\/\/www.europesays.com\/se\/wp-json\/wp\/v2\/tags?post=111943"}],"curies":[{"name":"wp","href":"https:\/\/api.w.org\/{rel}","templated":true}]}}