{"id":111948,"date":"2025-12-20T11:49:14","date_gmt":"2025-12-20T11:49:14","guid":{"rendered":"https:\/\/www.europesays.com\/se\/111948\/"},"modified":"2025-12-20T11:49:14","modified_gmt":"2025-12-20T11:49:14","slug":"utdelningsportfoljen-2025-sa-gick-det","status":"publish","type":"post","link":"https:\/\/www.europesays.com\/se\/111948\/","title":{"rendered":"Utdelningsportf\u00f6ljen 2025: S\u00e5 gick det"},"content":{"rendered":"<p>I nio \u00e5r har vi p\u00e5 Aff\u00e4rsv\u00e4rlden satt ihop en utdelningsportf\u00f6lj s\u00e5 h\u00e4r veckan innan jul. Och s\u00e5 blir det i \u00e5r ocks\u00e5. Men idag ska vi f\u00f6rst sammanfatta hur det gick f\u00f6r 2025 \u00e5rs upplaga av portf\u00f6ljen \u2013 och kort sagt gick den mycket bra. En totalavkastning p\u00e5 36% inneb\u00e4r en \u00f6veravkastning p\u00e5 26% mot index (OMXSGI).<\/p>\n<p>Det \u00e4r den b\u00e4sta prestationen hittills i relativa termer. Se tabellen h\u00e4r intill.<\/p>\n","protected":false},"excerpt":{"rendered":"I nio \u00e5r har vi p\u00e5 Aff\u00e4rsv\u00e4rlden satt ihop en utdelningsportf\u00f6lj s\u00e5 h\u00e4r veckan innan jul. Och s\u00e5&hellip;\n","protected":false},"author":2,"featured_media":111862,"comment_status":"","ping_status":"","sticky":false,"template":"","format":"standard","meta":{"footnotes":""},"categories":[65],"tags":[72,70,71,34,31,33,32,30],"class_list":{"0":"post-111948","1":"post","2":"type-post","3":"status-publish","4":"format-standard","5":"has-post-thumbnail","7":"category-ekonomi","8":"tag-business","9":"tag-economy","10":"tag-ekonomi","11":"tag-se","12":"tag-svenska","13":"tag-sverige","14":"tag-sweden","15":"tag-swedish"},"share_on_mastodon":{"url":"https:\/\/pubeurope.com\/@se\/115751745200794625","error":""},"_links":{"self":[{"href":"https:\/\/www.europesays.com\/se\/wp-json\/wp\/v2\/posts\/111948","targetHints":{"allow":["GET"]}}],"collection":[{"href":"https:\/\/www.europesays.com\/se\/wp-json\/wp\/v2\/posts"}],"about":[{"href":"https:\/\/www.europesays.com\/se\/wp-json\/wp\/v2\/types\/post"}],"author":[{"embeddable":true,"href":"https:\/\/www.europesays.com\/se\/wp-json\/wp\/v2\/users\/2"}],"replies":[{"embeddable":true,"href":"https:\/\/www.europesays.com\/se\/wp-json\/wp\/v2\/comments?post=111948"}],"version-history":[{"count":0,"href":"https:\/\/www.europesays.com\/se\/wp-json\/wp\/v2\/posts\/111948\/revisions"}],"wp:featuredmedia":[{"embeddable":true,"href":"https:\/\/www.europesays.com\/se\/wp-json\/wp\/v2\/media\/111862"}],"wp:attachment":[{"href":"https:\/\/www.europesays.com\/se\/wp-json\/wp\/v2\/media?parent=111948"}],"wp:term":[{"taxonomy":"category","embeddable":true,"href":"https:\/\/www.europesays.com\/se\/wp-json\/wp\/v2\/categories?post=111948"},{"taxonomy":"post_tag","embeddable":true,"href":"https:\/\/www.europesays.com\/se\/wp-json\/wp\/v2\/tags?post=111948"}],"curies":[{"name":"wp","href":"https:\/\/api.w.org\/{rel}","templated":true}]}}