{"id":11195,"date":"2025-08-22T14:53:12","date_gmt":"2025-08-22T14:53:12","guid":{"rendered":"https:\/\/www.europesays.com\/se\/11195\/"},"modified":"2025-08-22T14:53:12","modified_gmt":"2025-08-22T14:53:12","slug":"kim-jong-un-hyllar-soldater-som-stred-for-ryssland-varlden","status":"publish","type":"post","link":"https:\/\/www.europesays.com\/se\/11195\/","title":{"rendered":"Kim Jong-Un hyllar soldater som stred f\u00f6r Ryssland | V\u00e4rlden"},"content":{"rendered":"<p>Publicerad 22 aug 2025 kl 10.28Uppdaterad kl 13.51<\/p>\n<p>De hyllas som hj\u00e4ltar.<\/p>\n<p>De nordkoreaner som stridit p\u00e5 Rysslands sida i kriget mot Ukraina hedrades med bankett i Pyongyang, rapporterar <a href=\"https:\/\/www.theguardian.com\/world\/2025\/aug\/22\/kim-jong-un-welcome-north-korea-troops-fighting-ukraine\" rel=\"nofollow noopener\" target=\"_blank\">The Guardian. <\/a>\u00a0<\/p>\n<p>P\u00e5 en bild kramar Kim Jong-Un en av soldaterna.<\/p>\n<p><img   alt=\"\"\/><\/p>\n<p>Kim Jong-Un f\u00e4ster en medalj p\u00e5 en soldats br\u00f6st under ceremonin.<\/p>\n<p>Foto: KCNA \/ EPA KCNA<\/p>\n<p>\u00d6ppna bild i helsk\u00e4rm<img loading=\"lazy\"   alt=\"\"\/><\/p>\n<p>Kim Jong-Un kramar en soldat.<\/p>\n<p>Foto: KCNA \/ EPA KCNA<\/p>\n<p>\u00d6ppna bild i helsk\u00e4rm<img loading=\"lazy\"   alt=\"\"\/><\/p>\n<p>Kim Jong-Un vid portr\u00e4tt av stupade soldater.<\/p>\n<p>Foto: KCNA \/ EPA KCNA<\/p>\n<p>\u00d6ppna bild i helsk\u00e4rm<img loading=\"lazy\"   alt=\"\"\/> <\/p>\n<p>Foto: KCNA \/ EPA \/ TT \/ EPA TT NYHETSBYR\u00c5N<\/p>\n<p>\u00d6ppna bild i helsk\u00e4rm<img loading=\"lazy\"   alt=\"\"\/>\u00d6ppna bild i helsk\u00e4rm<\/p>\n<p>H\u00f6sten 2024 skickade <a href=\"https:\/\/www.expressen.se\/tagg\/location\/nordkorea\/\" class=\"\" rel=\"nofollow noopener\" target=\"_blank\">Nordkorea<\/a> minst 10 000 soldater till f\u00f6r att strida f\u00f6r Rysslands r\u00e4kning, enligt sydkoreanska och v\u00e4sterl\u00e4ndska underr\u00e4ttelsetj\u00e4nster.<\/p>\n<p>I b\u00f6rjan omg\u00e4rdades trupperna av hemlighetsmakeri.<\/p>\n<p>Kontrasten \u00e4r stor. Nu hyllas de som stridit \u00f6ppet.\u00a0<\/p>\n<p>Soldater som hade kommit tillbaka fr\u00e5n kriget hedrades med en konsert och familjerna f\u00f6r de stupade soldaterna blev bjudna till en bankett, rapporterar <a href=\"https:\/\/www.theguardian.com\/world\/2025\/aug\/22\/kim-jong-un-welcome-north-korea-troops-fighting-ukraine\" rel=\"nofollow noopener\" target=\"_blank\">The Guardi<\/a><a href=\"https:\/\/www.theguardian.com\/world\/2025\/aug\/22\/kim-jong-un-welcome-north-korea-troops-fighting-ukraine\" rel=\"nofollow noopener\" target=\"_blank\">an<\/a>.\u00a0<\/p>\n<p>Blommor och medaljer<\/p>\n<p>En bild fr\u00e5n den statliga nyhetsbyr\u00e5n KCNA visar hur landets diktator Kim Jong-Un visar hur han omfamnar en \u00e5terv\u00e4ndande soldat. P\u00e5 andra f\u00e4ster han blommor och medaljer vid fotografier av stupade soldater.\u00a0<\/p>\n<p>I ett tal under ceremonin ska han ha sagt att trupperna visat \u201dhj\u00e4ltars k\u00e4mpagl\u00f6d\u201d n\u00e4r de deltog i striderna i den ryska regionen Kursk.\u00a0<\/p>\n<p>\u2013 De operativa styrkornas strider utomlands bevisade utan tvekan arm\u00e9ns heroiska makt, sa Kim Jong-Un.\u00a0<\/p>\n<p>Hyllas \u00e4ven av Putin<\/p>\n<p>Det var i april f\u00f6rra \u00e5ret som Nordkorea f\u00f6r f\u00f6rsta g\u00e5ngen bekr\u00e4ftade att man skickat soldater till den ryska fronten. Sen dess har \u00e4ven den ryska presidenten Vladimir Putin har hyllat de nordkoreanska trupperna f\u00f6r deras insats.\u00a0<\/p>\n<p>Han skrev ett brev till Kim i augusti f\u00f6r att uppm\u00e4rksamma \u00e5rsdagen f\u00f6r Koreas sj\u00e4lvst\u00e4ndighet fr\u00e5n Japan.\u00a0<\/p>\n<p>I brevet kallade Putin de nordkoreanska trupperna f\u00f6r \u201dheroiska\u201d, samtidigt som han lyfte hur nordkoreanska och sovjetiska trupper stridit tillsammans f\u00f6r att f\u00e5 slut p\u00e5 Japans ockupation.<\/p>\n<p>\u201dBanden av militant v\u00e4nskap, v\u00e4lvilja och \u00f6msesidig hj\u00e4lp som konsoliderades f\u00f6r l\u00e4nge sedan \u00e4r p\u00e5litliga \u00e4n i dag\u201d, skrev han.\u00a0<\/p>\n<p>I utbyte tycks Nordkorea bland annat ha f\u00e5tt ut\u00f6kad hj\u00e4lp med avancerad rymd- och satellitteknik av Ryssland, skriver TT.<\/p>\n<p>Rysk delegation<\/p>\n<p>Ryssland och Nordkorea har knutit allt n\u00e4rmare band de senaste \u00e5ren.<\/p>\n<p>F\u00f6rra \u00e5ret skrev de under ett milit\u00e4ravtal som bland annat inneh\u00e5ller en klausul om \u00f6msesidiga f\u00f6rsvars\u00e5taganden \u2013 och s\u00e5 sent som i juli \u00f6ppnades ocks\u00e5 en direktlinje f\u00f6r flyg mellan l\u00e4nderna.\u00a0<\/p>\n<p>P\u00e5 torsdagen landade en rysk delegation, ledd av vice kulturminister Andrej Maluisjev, landade i Nordkorea.<\/p>\n<p>Delegationen anl\u00e4nde bara tv\u00e5 dagar efter att den ryske presidenten Vladimir Putin och nordkoreanske ledaren Kim Jong Un talade i telefon. D\u00e5 lovade de tv\u00e5 l\u00e4nderna varandra st\u00e4rkt samarbete.<\/p>\n<p>Nordkoreanska trupper i Ryssland<\/p>\n<p> Minst 12 000 nordkoreanska soldater uppskattas ha skickats till Ryssland, enligt v\u00e4sterl\u00e4ndsk underr\u00e4ttelsetj\u00e4nst.\u00a0<\/p>\n<p> Flera hundra av dem tros ha stupat och tusentals s\u00e5rats.<\/p>\n<p> Trupperna har begr\u00e4nsad erfarenhet av aktiv krigf\u00f6ring eftersom man inte varit i krig sedan Koreakrigets slut 1953.\u00a0<\/p>\n<p> Nordkorea ber\u00e4knas dock ha cirka 1,2 miljoner milit\u00e4rer och v\u00e4rnplikten g\u00e4ller fr\u00e5n 17 \u00e5rs \u00e5lder.\u00a0<\/p>\n<p> Att nordkoreanska trupper skickats till Ryssland bekr\u00e4ftades fr\u00e5n nordkoreansk h\u00e5ll i april 2025.<\/p>\n<p> Enligt rapporter fr\u00e5n ukrainsk underr\u00e4ttelsetj\u00e4nst v\u00e4ntas Nordkorea \u00e4ven \u00f6ka antalet trupper som strider f\u00f6r Ryssland under andra halvan av 2025.\u00a0<\/p>\n<p>Visa mer<\/p>\n","protected":false},"excerpt":{"rendered":"Publicerad 22 aug 2025 kl 10.28Uppdaterad kl 13.51 De hyllas som hj\u00e4ltar. De nordkoreaner som stridit p\u00e5 Rysslands&hellip;\n","protected":false},"author":2,"featured_media":11196,"comment_status":"","ping_status":"","sticky":false,"template":"","format":"standard","meta":{"footnotes":""},"categories":[14],"tags":[22,23,26,27,17,21,24,25,1132,28,29,15,16,1133,18,34,55,31,33,32,30,19,20,51,52,53,54],"class_list":{"0":"post-11195","1":"post","2":"type-post","3":"status-publish","4":"format-standard","5":"has-post-thumbnail","7":"category-varlden","8":"tag-breaking-news","9":"tag-breakingnews","10":"tag-featured-news","11":"tag-featurednews","12":"tag-headlines","13":"tag-huvudnyheter","14":"tag-latest-news","15":"tag-latestnews","16":"tag-location-nordkorea","17":"tag-main-news","18":"tag-mainnews","19":"tag-news","20":"tag-nyheter","21":"tag-person-kim-jong-un","22":"tag-rubriker","23":"tag-se","24":"tag-sections-varlden","25":"tag-svenska","26":"tag-sverige","27":"tag-sweden","28":"tag-swedish","29":"tag-top-stories","30":"tag-topstories","31":"tag-varlden","32":"tag-world","33":"tag-world-news","34":"tag-worldnews"},"share_on_mastodon":{"url":"","error":""},"_links":{"self":[{"href":"https:\/\/www.europesays.com\/se\/wp-json\/wp\/v2\/posts\/11195","targetHints":{"allow":["GET"]}}],"collection":[{"href":"https:\/\/www.europesays.com\/se\/wp-json\/wp\/v2\/posts"}],"about":[{"href":"https:\/\/www.europesays.com\/se\/wp-json\/wp\/v2\/types\/post"}],"author":[{"embeddable":true,"href":"https:\/\/www.europesays.com\/se\/wp-json\/wp\/v2\/users\/2"}],"replies":[{"embeddable":true,"href":"https:\/\/www.europesays.com\/se\/wp-json\/wp\/v2\/comments?post=11195"}],"version-history":[{"count":0,"href":"https:\/\/www.europesays.com\/se\/wp-json\/wp\/v2\/posts\/11195\/revisions"}],"wp:featuredmedia":[{"embeddable":true,"href":"https:\/\/www.europesays.com\/se\/wp-json\/wp\/v2\/media\/11196"}],"wp:attachment":[{"href":"https:\/\/www.europesays.com\/se\/wp-json\/wp\/v2\/media?parent=11195"}],"wp:term":[{"taxonomy":"category","embeddable":true,"href":"https:\/\/www.europesays.com\/se\/wp-json\/wp\/v2\/categories?post=11195"},{"taxonomy":"post_tag","embeddable":true,"href":"https:\/\/www.europesays.com\/se\/wp-json\/wp\/v2\/tags?post=11195"}],"curies":[{"name":"wp","href":"https:\/\/api.w.org\/{rel}","templated":true}]}}