{"id":111952,"date":"2025-12-20T11:54:08","date_gmt":"2025-12-20T11:54:08","guid":{"rendered":"https:\/\/www.europesays.com\/se\/111952\/"},"modified":"2025-12-20T11:54:08","modified_gmt":"2025-12-20T11:54:08","slug":"malmo-lanar-in-carl-johan-lerby-shl","status":"publish","type":"post","link":"https:\/\/www.europesays.com\/se\/111952\/","title":{"rendered":"Malm\u00f6 l\u00e5nar in Carl-Johan Lerby | SHL"},"content":{"rendered":"<p>Publicerad 20 dec 2025 kl 10.41<\/p>\n<p>Malm\u00f6 agerar inf\u00f6r eftermiddagens match mot Lule\u00e5.<\/p>\n<p>Man l\u00e5nar in Carl-Johan Lerby fr\u00e5n Kalmar, enligt uppgifter till Expressen.<\/p>\n<p><img   alt=\"\"\/> <\/p>\n<p>Foto: OLA WESTERBERG \/ BILDBYR\u00c5N<\/p>\n<p>\u00d6ppna bild i helsk\u00e4rm<\/p>\n<p>Det \u00e4r en tunn backsida i Malm\u00f6 med Felix Carell p\u00e5 JVM, spelare har sl\u00e4ppts tidigare under s\u00e4songen och Patrik Nor\u00e9n l\u00e5ngtidsskadad.<\/p>\n<p>Dessutom har Johan Ivarsson i veckan varit sjuk. Han gick p\u00e5 is, men \u00e4r fortfarande os\u00e4ker om han kan spela mot Lule\u00e5. D\u00e4rf\u00f6r agerar Malm\u00f6 nu p\u00e5 kort tid, och l\u00e5nar in Carl-Johan Lerby fr\u00e5n Kalmar.<\/p>\n<p>Lerby har m\u00e5nga \u00e5rs erfarenhet fr\u00e5n spel i <a href=\"https:\/\/www.expressen.se\/tagg\/organization\/malmo-redhawks\/\" class=\"\" rel=\"nofollow noopener\" target=\"_blank\">Malm\u00f6 Redhawks<\/a>, och spelade f\u00f6r klubben under flera \u00e5r i SHL, innan han l\u00e4mnade v\u00e5ren 2023.<\/p>\n<p>Nu blir det allts\u00e5 en \u00e5terkomst. En kortare s\u00e5dan.<\/p>\n","protected":false},"excerpt":{"rendered":"Publicerad 20 dec 2025 kl 10.41 Malm\u00f6 agerar inf\u00f6r eftermiddagens match mot Lule\u00e5. Man l\u00e5nar in Carl-Johan Lerby&hellip;\n","protected":false},"author":2,"featured_media":111953,"comment_status":"","ping_status":"","sticky":false,"template":"","format":"standard","meta":{"footnotes":""},"categories":[68],"tags":[3033,2735,1179,34,255,823,111,110,31,33,32,30],"class_list":{"0":"post-111952","1":"post","2":"type-post","3":"status-publish","4":"format-standard","5":"has-post-thumbnail","7":"category-sport","8":"tag-organization-kalmar-hc","9":"tag-organization-malmo-redhawks","10":"tag-organization-shl","11":"tag-se","12":"tag-sections-ishockey","13":"tag-sections-shl","14":"tag-sport","15":"tag-sports","16":"tag-svenska","17":"tag-sverige","18":"tag-sweden","19":"tag-swedish"},"share_on_mastodon":{"url":"https:\/\/pubeurope.com\/@se\/115751764805782691","error":""},"_links":{"self":[{"href":"https:\/\/www.europesays.com\/se\/wp-json\/wp\/v2\/posts\/111952","targetHints":{"allow":["GET"]}}],"collection":[{"href":"https:\/\/www.europesays.com\/se\/wp-json\/wp\/v2\/posts"}],"about":[{"href":"https:\/\/www.europesays.com\/se\/wp-json\/wp\/v2\/types\/post"}],"author":[{"embeddable":true,"href":"https:\/\/www.europesays.com\/se\/wp-json\/wp\/v2\/users\/2"}],"replies":[{"embeddable":true,"href":"https:\/\/www.europesays.com\/se\/wp-json\/wp\/v2\/comments?post=111952"}],"version-history":[{"count":0,"href":"https:\/\/www.europesays.com\/se\/wp-json\/wp\/v2\/posts\/111952\/revisions"}],"wp:featuredmedia":[{"embeddable":true,"href":"https:\/\/www.europesays.com\/se\/wp-json\/wp\/v2\/media\/111953"}],"wp:attachment":[{"href":"https:\/\/www.europesays.com\/se\/wp-json\/wp\/v2\/media?parent=111952"}],"wp:term":[{"taxonomy":"category","embeddable":true,"href":"https:\/\/www.europesays.com\/se\/wp-json\/wp\/v2\/categories?post=111952"},{"taxonomy":"post_tag","embeddable":true,"href":"https:\/\/www.europesays.com\/se\/wp-json\/wp\/v2\/tags?post=111952"}],"curies":[{"name":"wp","href":"https:\/\/api.w.org\/{rel}","templated":true}]}}