{"id":111954,"date":"2025-12-20T11:57:21","date_gmt":"2025-12-20T11:57:21","guid":{"rendered":"https:\/\/www.europesays.com\/se\/111954\/"},"modified":"2025-12-20T11:57:21","modified_gmt":"2025-12-20T11:57:21","slug":"trumps-omojliga-ekvation-600-procent-billigare-2","status":"publish","type":"post","link":"https:\/\/www.europesays.com\/se\/111954\/","title":{"rendered":"Trumps om\u00f6jliga ekvation: 600 procent billigare"},"content":{"rendered":"<p class=\"sc-c25743f0-0 sc-e37c0145-2 hObFds DQgPn\">Under ett tal p\u00e5 republikanernas m\u00f6te i Rocky Mount i North Carolina inledde presidenten med att upprepa att hans ekonomiska politik lett till l\u00e4gre priser f\u00f6r amerikanerna. <\/p>\n<p class=\"sc-c25743f0-0 sc-e37c0145-2 hObFds DQgPn\">Talet p\u00e5minde i stor utstr\u00e4ckning om det tv-tal han h\u00f6ll till nationen tidigare i veckan d\u00e5 han lyfte fram vad hans administration \u00e5stadkommit under hans tid som president. L\u00e4gre priser p\u00e5 \u00e4gg och bensin, minskad inflation och h\u00f6gre l\u00f6ner var n\u00e5gra framg\u00e5ngar som han lyfte fram. <\/p>\n<p class=\"sc-c25743f0-0 sc-e37c0145-2 hObFds DQgPn\">Han tog ocks\u00e5, vilket han h\u00e4vdat tidigare, l\u00e4kemedelspriserna som exempel. En s\u00e4nkning med 100 procent vore att f\u00e5 ner dem till noll, men han s\u00e4ger sig ha lyckats \u00e4nnu b\u00e4ttre:<\/p>\n<blockquote class=\"sc-dfea8419-1 euYjkq\">\n<p class=\"sc-c25743f0-0 sc-e37c0145-2 hObFds DQgPn\">Jag har f\u00e5tt ner priser p\u00e5 l\u00e4kemedel med s\u00e5 mycket som 400, 500 till och med 600 procent, sade han i talet. <\/p>\n<\/blockquote>\n<p>\u201dBarack Hussein Obamacare\u201d<\/p>\n<p class=\"sc-c25743f0-0 sc-e37c0145-2 hObFds DQgPn\">Trump attackerade \u00e4ven v\u00e5rdreformen Affordable care act (ACA), mer k\u00e4nd som \u201dObamacare&#8221;, och refererade till den som \u201cBarack Hussein Obamacare&#8221;, syftande p\u00e5 den tidigare presidentens mellannamn.<\/p>\n<p class=\"sc-c25743f0-0 sc-e37c0145-2 hObFds DQgPn\">Det republikanska m\u00f6tet i North Carolina var det andra s\u00e5dana evenemanget som Trump deltagit i p\u00e5 sistone. Det ses som ett tecken p\u00e5 att han oroas av dalande popularitetssiffror, vilka i sin tur p\u00e5verkas av bland annat kontroverserna kring Epstein-dokumenten och h\u00f6stens nedst\u00e4ngning av statsapparaten.<\/p>\n","protected":false},"excerpt":{"rendered":"Under ett tal p\u00e5 republikanernas m\u00f6te i Rocky Mount i North Carolina inledde presidenten med att upprepa att&hellip;\n","protected":false},"author":2,"featured_media":111955,"comment_status":"","ping_status":"","sticky":false,"template":"","format":"standard","meta":{"footnotes":""},"categories":[65],"tags":[72,70,71,34,31,33,32,30],"class_list":{"0":"post-111954","1":"post","2":"type-post","3":"status-publish","4":"format-standard","5":"has-post-thumbnail","7":"category-ekonomi","8":"tag-business","9":"tag-economy","10":"tag-ekonomi","11":"tag-se","12":"tag-svenska","13":"tag-sverige","14":"tag-sweden","15":"tag-swedish"},"share_on_mastodon":{"url":"https:\/\/pubeurope.com\/@se\/115751776597330711","error":""},"_links":{"self":[{"href":"https:\/\/www.europesays.com\/se\/wp-json\/wp\/v2\/posts\/111954","targetHints":{"allow":["GET"]}}],"collection":[{"href":"https:\/\/www.europesays.com\/se\/wp-json\/wp\/v2\/posts"}],"about":[{"href":"https:\/\/www.europesays.com\/se\/wp-json\/wp\/v2\/types\/post"}],"author":[{"embeddable":true,"href":"https:\/\/www.europesays.com\/se\/wp-json\/wp\/v2\/users\/2"}],"replies":[{"embeddable":true,"href":"https:\/\/www.europesays.com\/se\/wp-json\/wp\/v2\/comments?post=111954"}],"version-history":[{"count":0,"href":"https:\/\/www.europesays.com\/se\/wp-json\/wp\/v2\/posts\/111954\/revisions"}],"wp:featuredmedia":[{"embeddable":true,"href":"https:\/\/www.europesays.com\/se\/wp-json\/wp\/v2\/media\/111955"}],"wp:attachment":[{"href":"https:\/\/www.europesays.com\/se\/wp-json\/wp\/v2\/media?parent=111954"}],"wp:term":[{"taxonomy":"category","embeddable":true,"href":"https:\/\/www.europesays.com\/se\/wp-json\/wp\/v2\/categories?post=111954"},{"taxonomy":"post_tag","embeddable":true,"href":"https:\/\/www.europesays.com\/se\/wp-json\/wp\/v2\/tags?post=111954"}],"curies":[{"name":"wp","href":"https:\/\/api.w.org\/{rel}","templated":true}]}}