{"id":111962,"date":"2025-12-20T12:05:12","date_gmt":"2025-12-20T12:05:12","guid":{"rendered":"https:\/\/www.europesays.com\/se\/111962\/"},"modified":"2025-12-20T12:05:12","modified_gmt":"2025-12-20T12:05:12","slug":"120-kvadratmeter-stort-hus-i-skelleftea-salt-till-ny-agare-vasterbottens-kuriren","status":"publish","type":"post","link":"https:\/\/www.europesays.com\/se\/111962\/","title":{"rendered":"120 kvadratmeter stort hus i Skellefte\u00e5 s\u00e5lt till ny \u00e4gare &#8211; V\u00e4sterbottens-Kuriren"},"content":{"rendered":"<ol>\n<li><a href=\"https:\/\/news.google.com\/rss\/articles\/CBMimAFBVV95cUxNRVlkQnJJNnB4VnVSYlhpdWZ5V2NlNFotTUNscG9qRGN5NXVSclNGcHQ3THFiS184dUExczNvY1Nod3RtRU1kNnFUMktEZ0ZYV0Q5M2hQS0RObXRyMHFhMENZTXh3R0JOamVXX01RZXVtNElFNDVXRVF3WTZ6REFRQU5NaTAxVnFzSXpaRUpJQXlfNVhlV1A4bA?oc=5\" target=\"_blank\" rel=\"nofollow noopener\">120 kvadratmeter stort hus i Skellefte\u00e5 s\u00e5lt till ny \u00e4gare<\/a>&nbsp;&nbsp;V\u00e4sterbottens-Kuriren<\/li>\n<li><a href=\"https:\/\/news.google.com\/rss\/articles\/CBMixgFBVV95cUxPTDVlZl9xeU13SjNLUzRSRklRcVF5Y1ZyRzRVczdwNWVoeE9zeDdLVTBqN2hTT1hIWmVJSGpSbjJXSUlaNUY3ZU1nem5LRkMxWGxCOC00dDk4RUtDM2xhQmNPbkdBYnJrN1V2TWNwWlBGQjhfODByNC1rSlpwWlZia3hrUTVlcktaZ2d6NEFkUXZfb25YaXdRZnRDSVhqX3FNSWtUOUdNdWVYVmlLRk01SXVrc3I2YTFBN1Y1d0d3TGlSQ21wcVE?oc=5\" target=\"_blank\" rel=\"nofollow noopener\">Hus p\u00e5 120 kvadratmeter s\u00e5lt i Skellefte\u00e5 \u2013 priset: 3 100 000 kronor<\/a>&nbsp;&nbsp;Norran<\/li>\n<li><a href=\"https:\/\/news.google.com\/rss\/articles\/CBMid0FVX3lxTFBsUDRFeUpKZ1ROT3ZkNlgwa3RicU5mbEExY2JZQ21uVUtJZVlseGhnN29HNWNFSDd0ZGF3b2tyUWNGY0x0OFlQMUZxVVNOUGxWMm5pb1pBMVFGLXFrYzFTQklSbVE3bl90eWxXYnVMQnlNU1hRa184?oc=5\" target=\"_blank\" rel=\"nofollow noopener\">Nya \u00e4gare till villa i Skellefte\u00e5<\/a>&nbsp;&nbsp;V\u00e4sterbottens-Kuriren<\/li>\n<li><a href=\"https:\/\/news.google.com\/rss\/articles\/CBMisgFBVV95cUxOa3I2ZmhtaUE0MWE0cVRSYlFseTN1WHRueDFNV2ZRQXpzNTR5YjMxQ2x2R1Znaklfa0lhLW9nQWc3aHdsai1SdDhWcmFsOHNPOUJxRnFUV3hNTE1KYjNVR1lRVDE2blVEOTgyR1BkRDZVZ3pXNGpfcDJNelllUDVYLVNqc3pHLWFvN1BzV2tSYmpJM0dzUVRGUDRyVVpDY3FWMHR3M3Z4cENLaVNaSUtOYmt3?oc=5\" target=\"_blank\" rel=\"nofollow noopener\">Villa i Skellefte\u00e5 f\u00e5r 50-\u00e5rig ny \u00e4gare \u2013 prislappen: 4 250 000 kronor<\/a>&nbsp;&nbsp;V\u00e4sterbottens Mellanbygd<\/li>\n<li><a href=\"https:\/\/news.google.com\/rss\/articles\/CBMikAFBVV95cUxOSzdCS2EySkxaZjkwdThkTTA2MEZIa3NNeVBLUEFKUENpblhsTHR2V213Tm1lOG1zcDduUnlXY3RKdk5DR2lTRXQ5SEFrVm5sajRjTnVuYVJ0MGFVdXFaT3lvNm9HbmxoSmJVSDV0UXdFOGdRSlFHMkFzMFM2ZGtZQTNfU1VyVVVKbEctdkJqbF8?oc=5\" target=\"_blank\" rel=\"nofollow noopener\">122 kvadratmeter stort hus i Skellefte\u00e5 s\u00e5lt<\/a>&nbsp;&nbsp;Folkbladet<\/li>\n<\/ol>\n","protected":false},"excerpt":{"rendered":"120 kvadratmeter stort hus i Skellefte\u00e5 s\u00e5lt till ny \u00e4gare&nbsp;&nbsp;V\u00e4sterbottens-Kuriren Hus p\u00e5 120 kvadratmeter s\u00e5lt i Skellefte\u00e5 \u2013&hellip;\n","protected":false},"author":2,"featured_media":111963,"comment_status":"","ping_status":"","sticky":false,"template":"","format":"standard","meta":{"footnotes":""},"categories":[65],"tags":[72,70,71,34,31,33,32,30],"class_list":{"0":"post-111962","1":"post","2":"type-post","3":"status-publish","4":"format-standard","5":"has-post-thumbnail","7":"category-ekonomi","8":"tag-business","9":"tag-economy","10":"tag-ekonomi","11":"tag-se","12":"tag-svenska","13":"tag-sverige","14":"tag-sweden","15":"tag-swedish"},"share_on_mastodon":{"url":"https:\/\/pubeurope.com\/@se\/115751808098050994","error":""},"_links":{"self":[{"href":"https:\/\/www.europesays.com\/se\/wp-json\/wp\/v2\/posts\/111962","targetHints":{"allow":["GET"]}}],"collection":[{"href":"https:\/\/www.europesays.com\/se\/wp-json\/wp\/v2\/posts"}],"about":[{"href":"https:\/\/www.europesays.com\/se\/wp-json\/wp\/v2\/types\/post"}],"author":[{"embeddable":true,"href":"https:\/\/www.europesays.com\/se\/wp-json\/wp\/v2\/users\/2"}],"replies":[{"embeddable":true,"href":"https:\/\/www.europesays.com\/se\/wp-json\/wp\/v2\/comments?post=111962"}],"version-history":[{"count":0,"href":"https:\/\/www.europesays.com\/se\/wp-json\/wp\/v2\/posts\/111962\/revisions"}],"wp:featuredmedia":[{"embeddable":true,"href":"https:\/\/www.europesays.com\/se\/wp-json\/wp\/v2\/media\/111963"}],"wp:attachment":[{"href":"https:\/\/www.europesays.com\/se\/wp-json\/wp\/v2\/media?parent=111962"}],"wp:term":[{"taxonomy":"category","embeddable":true,"href":"https:\/\/www.europesays.com\/se\/wp-json\/wp\/v2\/categories?post=111962"},{"taxonomy":"post_tag","embeddable":true,"href":"https:\/\/www.europesays.com\/se\/wp-json\/wp\/v2\/tags?post=111962"}],"curies":[{"name":"wp","href":"https:\/\/api.w.org\/{rel}","templated":true}]}}