{"id":111964,"date":"2025-12-20T12:07:26","date_gmt":"2025-12-20T12:07:26","guid":{"rendered":"https:\/\/www.europesays.com\/se\/111964\/"},"modified":"2025-12-20T12:07:26","modified_gmt":"2025-12-20T12:07:26","slug":"de-historiskt-laga-fodelsetalen-hotar-valfarden","status":"publish","type":"post","link":"https:\/\/www.europesays.com\/se\/111964\/","title":{"rendered":"De historiskt l\u00e5ga f\u00f6delse\u00adtalen hotar v\u00e4lf\u00e4rden"},"content":{"rendered":"<p class=\"kicker t16 tm16 primary color_mobile_primary\" style=\"\">Barnaf\u00f6dande<\/p>\n<p>\n        Det har inte f\u00f6tts s\u00e5 f\u00e5 barn per kvinna i Sverige sedan m\u00e4tningarna b\u00f6rjade p\u00e5 1700-talet.<br \/>\n        Christine Olsson\/TT\n    <\/p>\n<p>    I den f\u00f6rsta delrapporten av regeringens utredning g\u00e4llande det l\u00e5ga barna\u00adf\u00f6dandet sl\u00e5s fast att v\u00e4lf\u00e4rden nu \u00e4r hotad. Samtidigt antyder utredaren att det kommer att beh\u00f6vas genom\u00adgripande \u00e5tg\u00e4rder i samh\u00e4llet f\u00f6r att v\u00e4nda trenden.<\/p>\n<p>\u2013 N\u00e4r det nu f\u00f6ds f\u00e4rre barn blir det ocks\u00e5 tydligt hur beroende v\u00e4rlden \u00e4r av<br \/>\nbarnen, sade social\u00administer Jakob Forssmed (KD) vid en press\u00adtr\u00e4ff om<br \/>\n<a href=\"https:\/\/www.regeringen.se\/pressmeddelanden\/2025\/12\/ett-minskat-barnafodande--forsta-delredovisningen-presenterad\/\" rel=\"nofollow noopener\" target=\"_blank\">utredningens f\u00f6rsta del<\/a>.<\/p>\n<p>                ERBJUDANDE!<br \/>\n<br \/>V\u00e4rlden idag DIGITAL<br \/>\n                2 m\u00e5nader f\u00f6r 10 kr!<\/p>\n<p>\n                    <a class=\"lab-paywall-teaser-offer-button\" href=\"https:\/\/api.varldenidag.se\/paywall\/order?providerUrl=https%3A%2F%2Forder.flowy.se%2Fvarldenidag%2Fvarldenidagdigital%2F3990%2Fuserform%3FcouponNumber%3D124&amp;siteAlias=varldenidag&amp;&amp;siteId=2&amp;contentUrl=https%3A%2F%2Fwww.varldenidag.se%2Fnyheter%2Futredning-de-historiskt-laga-foedelsetalen-hotar-vaelfaerden%2F898081\" rel=\"nofollow noopener\" target=\"_blank\">K\u00d6P<\/a>\n                <\/p>\n<p>                V\u00e4rlden idag<br \/>\n<br \/>DIGITAL<br \/>\n                129,-<\/p>\n<p class=\"price_description\">kr\/m\u00e5nad \u200b\u200b\u200b\u200b\u200b\u200b<\/p>\n<p>\n                    <a class=\"lab-paywall-teaser-offer-button\" href=\"https:\/\/order.flowy.se\/varldenidag\/varldenidagdigital\" rel=\"nofollow noopener\" target=\"_blank\">K\u00d6P<\/a>\n                <\/p>\n<p>                V\u00e4rlden idag<br \/>\n<br \/>PAPPER<br \/>\n                189,-<\/p>\n<p class=\"price_description\">kr\/m\u00e5nad \u200b\u200b\u200b\u200b\u200b\u200b<\/p>\n<p>\n                    <a class=\"lab-paywall-teaser-offer-button\" href=\"https:\/\/order.flowy.se\/varldenidag\/varldenidag\" rel=\"nofollow noopener\" target=\"_blank\">K\u00d6P<\/a>\n                <\/p>\n","protected":false},"excerpt":{"rendered":"Barnaf\u00f6dande Det har inte f\u00f6tts s\u00e5 f\u00e5 barn per kvinna i Sverige sedan m\u00e4tningarna b\u00f6rjade p\u00e5 1700-talet. Christine&hellip;\n","protected":false},"author":2,"featured_media":111965,"comment_status":"","ping_status":"","sticky":false,"template":"","format":"standard","meta":{"footnotes":""},"categories":[12],"tags":[22,23,26,27,17,21,24,25,28,29,15,16,18,34,31,33,32,30,19,20],"class_list":{"0":"post-111964","1":"post","2":"type-post","3":"status-publish","4":"format-standard","5":"has-post-thumbnail","7":"category-sverige","8":"tag-breaking-news","9":"tag-breakingnews","10":"tag-featured-news","11":"tag-featurednews","12":"tag-headlines","13":"tag-huvudnyheter","14":"tag-latest-news","15":"tag-latestnews","16":"tag-main-news","17":"tag-mainnews","18":"tag-news","19":"tag-nyheter","20":"tag-rubriker","21":"tag-se","22":"tag-svenska","23":"tag-sverige","24":"tag-sweden","25":"tag-swedish","26":"tag-top-stories","27":"tag-topstories"},"share_on_mastodon":{"url":"https:\/\/pubeurope.com\/@se\/115751815963435323","error":""},"_links":{"self":[{"href":"https:\/\/www.europesays.com\/se\/wp-json\/wp\/v2\/posts\/111964","targetHints":{"allow":["GET"]}}],"collection":[{"href":"https:\/\/www.europesays.com\/se\/wp-json\/wp\/v2\/posts"}],"about":[{"href":"https:\/\/www.europesays.com\/se\/wp-json\/wp\/v2\/types\/post"}],"author":[{"embeddable":true,"href":"https:\/\/www.europesays.com\/se\/wp-json\/wp\/v2\/users\/2"}],"replies":[{"embeddable":true,"href":"https:\/\/www.europesays.com\/se\/wp-json\/wp\/v2\/comments?post=111964"}],"version-history":[{"count":0,"href":"https:\/\/www.europesays.com\/se\/wp-json\/wp\/v2\/posts\/111964\/revisions"}],"wp:featuredmedia":[{"embeddable":true,"href":"https:\/\/www.europesays.com\/se\/wp-json\/wp\/v2\/media\/111965"}],"wp:attachment":[{"href":"https:\/\/www.europesays.com\/se\/wp-json\/wp\/v2\/media?parent=111964"}],"wp:term":[{"taxonomy":"category","embeddable":true,"href":"https:\/\/www.europesays.com\/se\/wp-json\/wp\/v2\/categories?post=111964"},{"taxonomy":"post_tag","embeddable":true,"href":"https:\/\/www.europesays.com\/se\/wp-json\/wp\/v2\/tags?post=111964"}],"curies":[{"name":"wp","href":"https:\/\/api.w.org\/{rel}","templated":true}]}}