{"id":111974,"date":"2025-12-20T12:16:10","date_gmt":"2025-12-20T12:16:10","guid":{"rendered":"https:\/\/www.europesays.com\/se\/111974\/"},"modified":"2025-12-20T12:16:10","modified_gmt":"2025-12-20T12:16:10","slug":"kallfront-drar-in-isvindar-fran-arktis","status":"publish","type":"post","link":"https:\/\/www.europesays.com\/se\/111974\/","title":{"rendered":"Kallfront drar in \u2013 isvindar fr\u00e5n Arktis"},"content":{"rendered":"<p>Publicerad 20 dec 2025 kl 10.10Uppdaterad kl 11.53<\/p>\n<p>Gr\u00e5tt, bl\u00f6tt och varmt \u2013 decemberv\u00e4dret har inte direkt varit n\u00e5gon vinterdr\u00f6m.<\/p>\n<p>Men lagom till jul blir det \u00e4ndring p\u00e5 det.<\/p>\n<p>Isvindar fr\u00e5n Arktis f\u00f6r med sig kyla, och ett h\u00f6gtryck i Europa kommer med sol.\u00a0<\/p>\n<p>\u2013 Till och med julafton blir det h\u00f6gtrycksbetonat, s\u00e4ger SMHI:s meteorolog Linnea Rehn Wittskog.\u00a0<\/p>\n<p>Senaste nyhetsklippen fr\u00e5n Expressen.<img   alt=\"\"\/><\/p>\n<p>Under s\u00f6ndagen sveper kallfronten in.<\/p>\n<p>Foto: Magnus Str\u00f6m\/Scandinav \/ Scandinav \/ TT NYHETSBYR\u00c5N<\/p>\n<p>\u00d6ppna bild i helsk\u00e4rm<img loading=\"lazy\"   alt=\"\"\/><\/p>\n<p>Det kallare v\u00e4dret h\u00e5ller i sig \u00e5tminstone fram till julafton.<\/p>\n<p>Foto: Johan Nilsson\/TT \/ TT NYHETSBYR\u00c5N<\/p>\n<p>\u00d6ppna bild i helsk\u00e4rm<\/p>\n<p>Hej, mitt vinterland!<\/p>\n<p>Det \u00e4r en mening f\u00e5 har kunnat brista ut i under december m\u00e5nad, som har varit solfattig och pr\u00e4glats av plusgrader.\u00a0<\/p>\n<p>Men p\u00e5 s\u00f6ndag v\u00e4nder det.<\/p>\n<p>\u2013 Vi har en h\u00f6gtrycksrygg som h\u00e5ller p\u00e5 att v\u00e4xa in \u00f6ver landet, s\u00e5 vi kommer f\u00e5 h\u00f6gtrycksbetonat v\u00e4der nu fr\u00e5n och med i morgon till och med \u00e5tminstone julafton, s\u00e4ger Linnea Rehn Wittskog.<\/p>\n<p>Trots att h\u00f6gtryck under vinterhalv\u00e5ret inte n\u00f6dv\u00e4ndigtvis beh\u00f6ver betyda sol, \u00e4r chansen stor att solen kikar fram de n\u00e4rmsta dagarna. Det g\u00e4ller i princip hela landet.<\/p>\n<p>Kallt \u2013 men ingen sn\u00f6\u00a0<\/p>\n<p>Samtidigt blir det kallare och i s\u00f6dra Sverige kommer temperaturerna l\u00e4gga sig kring nollan. Kylan sveper ner fr\u00e5n Norra ishavet och kommer inneb\u00e4ra ett adj\u00f6 till plusgraderna.\u00a0<\/p>\n<p>\u2013 Den kommer till Skandinavien och till Ryssland ungef\u00e4r samtidigt, s\u00e4ger Rehn Wittskog.\u00a0<\/p>\n<p>Men v\u00e4deromslaget inneb\u00e4r inte att hoppet om en vit jul ska bli alltf\u00f6r stort, enligt Linnea Rehn Wittskog. Ingen sn\u00f6 \u00e4r p\u00e5 v\u00e4g hit till Sverige, med undantag f\u00f6r fj\u00e4llen och nordligaste norr.<\/p>\n<p>\u2013 Man kan t\u00e4nka att d\u00e4r det \u00e4r sn\u00f6 nu, d\u00e4r kommer det bli en vit jul. Och i \u00f6vrigt s\u00e5 \u00e4r det k\u00f6rt.<\/p>\n","protected":false},"excerpt":{"rendered":"Publicerad 20 dec 2025 kl 10.10Uppdaterad kl 11.53 Gr\u00e5tt, bl\u00f6tt och varmt \u2013 decemberv\u00e4dret har inte direkt varit&hellip;\n","protected":false},"author":2,"featured_media":111975,"comment_status":"","ping_status":"","sticky":false,"template":"","format":"standard","meta":{"footnotes":""},"categories":[5],"tags":[22,23,26,27,17,21,24,25,28,29,15,16,288,18,34,281,31,33,32,30,19,290,20],"class_list":{"0":"post-111974","1":"post","2":"type-post","3":"status-publish","4":"format-standard","5":"has-post-thumbnail","7":"category-rubriker","8":"tag-breaking-news","9":"tag-breakingnews","10":"tag-featured-news","11":"tag-featurednews","12":"tag-headlines","13":"tag-huvudnyheter","14":"tag-latest-news","15":"tag-latestnews","16":"tag-main-news","17":"tag-mainnews","18":"tag-news","19":"tag-nyheter","20":"tag-organization-smhi","21":"tag-rubriker","22":"tag-se","23":"tag-sections-vader","24":"tag-svenska","25":"tag-sverige","26":"tag-sweden","27":"tag-swedish","28":"tag-top-stories","29":"tag-topic-vaderprognos","30":"tag-topstories"},"share_on_mastodon":{"url":"https:\/\/pubeurope.com\/@se\/115751851377427888","error":""},"_links":{"self":[{"href":"https:\/\/www.europesays.com\/se\/wp-json\/wp\/v2\/posts\/111974","targetHints":{"allow":["GET"]}}],"collection":[{"href":"https:\/\/www.europesays.com\/se\/wp-json\/wp\/v2\/posts"}],"about":[{"href":"https:\/\/www.europesays.com\/se\/wp-json\/wp\/v2\/types\/post"}],"author":[{"embeddable":true,"href":"https:\/\/www.europesays.com\/se\/wp-json\/wp\/v2\/users\/2"}],"replies":[{"embeddable":true,"href":"https:\/\/www.europesays.com\/se\/wp-json\/wp\/v2\/comments?post=111974"}],"version-history":[{"count":0,"href":"https:\/\/www.europesays.com\/se\/wp-json\/wp\/v2\/posts\/111974\/revisions"}],"wp:featuredmedia":[{"embeddable":true,"href":"https:\/\/www.europesays.com\/se\/wp-json\/wp\/v2\/media\/111975"}],"wp:attachment":[{"href":"https:\/\/www.europesays.com\/se\/wp-json\/wp\/v2\/media?parent=111974"}],"wp:term":[{"taxonomy":"category","embeddable":true,"href":"https:\/\/www.europesays.com\/se\/wp-json\/wp\/v2\/categories?post=111974"},{"taxonomy":"post_tag","embeddable":true,"href":"https:\/\/www.europesays.com\/se\/wp-json\/wp\/v2\/tags?post=111974"}],"curies":[{"name":"wp","href":"https:\/\/api.w.org\/{rel}","templated":true}]}}