{"id":111976,"date":"2025-12-20T12:18:16","date_gmt":"2025-12-20T12:18:16","guid":{"rendered":"https:\/\/www.europesays.com\/se\/111976\/"},"modified":"2025-12-20T12:18:16","modified_gmt":"2025-12-20T12:18:16","slug":"brynas-bakslag-christian-djoos-missar-resten-av-sasongen-shl","status":"publish","type":"post","link":"https:\/\/www.europesays.com\/se\/111976\/","title":{"rendered":"Bryn\u00e4s bakslag: Christian Djoos missar resten av s\u00e4songen | SHL"},"content":{"rendered":"<p>Publicerad 20 dec 2025 kl 11.02Uppdaterad kl 12.16<\/p>\n<p>Christian Djoos missar resten av s\u00e4songen. 31-\u00e5ringen har opererat h\u00f6ften.<\/p>\n<p>\u2013 F\u00f6rst och fr\u00e4mst \u00f6nskar vi Christian en bra rehabilitering och en snabb \u00e5terkomst p\u00e5 isen, s\u00e4ger Bryn\u00e4s sportchef Johan Alc\u00e9n.<\/p>\n<p><img   alt=\"\"\/> <\/p>\n<p>Foto: MICHAEL ERICHSEN \/ BILDBYR\u00c5N<\/p>\n<p>\u00d6ppna bild i helsk\u00e4rm<\/p>\n<p>Christian Djoos, 31, har saknats i Bryn\u00e4s sedan november och laget tvingades<a href=\"https:\/\/www.expressen.se\/sport\/hockey\/shl\/brynas-krisdrag-luke-witkowski-ansluter\/\" rel=\"nofollow noopener\" target=\"_blank\"> <\/a><a href=\"https:\/\/www.expressen.se\/sport\/hockey\/shl\/brynas-krisdrag-luke-witkowski-ansluter\/\" rel=\"nofollow noopener\" target=\"_blank\">plocka in Luke Witkowski<\/a> som ers\u00e4ttare f\u00f6r den f\u00f6rre Washingtonbacken. Det har sedan dess varit oklart n\u00e4r Djoos kan vara tillbaka p\u00e5 isen, men under l\u00f6rdagen kom Bryn\u00e4s med en skadeuppdatering g\u00e4llande backen.<\/p>\n<p>Djoos missar resten av s\u00e4songen efter att ha genomg\u00e5tt en lyckad operation i sin h\u00f6ft, skriver laget p\u00e5 <a href=\"https:\/\/www.brynas.se\/article\/b8pat7k-1ekad\/view\" rel=\"nofollow noopener\" target=\"_blank\">sin hemsida<\/a>.<\/p>\n<p>\u2013 F\u00f6rst och fr\u00e4mst \u00f6nskar vi Christian en bra rehabilitering och en snabb \u00e5terkomst p\u00e5 isen. F\u00f6r att kunna agera utefter sin b\u00e4sta f\u00f6rm\u00e5ga p\u00e5 isen var det h\u00e4r ingreppet i h\u00f6ften n\u00f6dv\u00e4ndigt, s\u00e4ger sportchef Johan Alc\u00e9n.<\/p>\n<p>Djoos har den h\u00e4r s\u00e4songen st\u00e5tt f\u00f6r tre assist p\u00e5 18 matcher f\u00f6r tabellnian fr\u00e5n G\u00e4vle.<\/p>\n","protected":false},"excerpt":{"rendered":"Publicerad 20 dec 2025 kl 11.02Uppdaterad kl 12.16 Christian Djoos missar resten av s\u00e4songen. 31-\u00e5ringen har opererat h\u00f6ften.&hellip;\n","protected":false},"author":2,"featured_media":111977,"comment_status":"","ping_status":"","sticky":false,"template":"","format":"standard","meta":{"footnotes":""},"categories":[68],"tags":[824,34,255,823,111,110,31,33,32,30],"class_list":{"0":"post-111976","1":"post","2":"type-post","3":"status-publish","4":"format-standard","5":"has-post-thumbnail","7":"category-sport","8":"tag-organization-brynas-if","9":"tag-se","10":"tag-sections-ishockey","11":"tag-sections-shl","12":"tag-sport","13":"tag-sports","14":"tag-svenska","15":"tag-sverige","16":"tag-sweden","17":"tag-swedish"},"share_on_mastodon":{"url":"https:\/\/pubeurope.com\/@se\/115751859257834766","error":""},"_links":{"self":[{"href":"https:\/\/www.europesays.com\/se\/wp-json\/wp\/v2\/posts\/111976","targetHints":{"allow":["GET"]}}],"collection":[{"href":"https:\/\/www.europesays.com\/se\/wp-json\/wp\/v2\/posts"}],"about":[{"href":"https:\/\/www.europesays.com\/se\/wp-json\/wp\/v2\/types\/post"}],"author":[{"embeddable":true,"href":"https:\/\/www.europesays.com\/se\/wp-json\/wp\/v2\/users\/2"}],"replies":[{"embeddable":true,"href":"https:\/\/www.europesays.com\/se\/wp-json\/wp\/v2\/comments?post=111976"}],"version-history":[{"count":0,"href":"https:\/\/www.europesays.com\/se\/wp-json\/wp\/v2\/posts\/111976\/revisions"}],"wp:featuredmedia":[{"embeddable":true,"href":"https:\/\/www.europesays.com\/se\/wp-json\/wp\/v2\/media\/111977"}],"wp:attachment":[{"href":"https:\/\/www.europesays.com\/se\/wp-json\/wp\/v2\/media?parent=111976"}],"wp:term":[{"taxonomy":"category","embeddable":true,"href":"https:\/\/www.europesays.com\/se\/wp-json\/wp\/v2\/categories?post=111976"},{"taxonomy":"post_tag","embeddable":true,"href":"https:\/\/www.europesays.com\/se\/wp-json\/wp\/v2\/tags?post=111976"}],"curies":[{"name":"wp","href":"https:\/\/api.w.org\/{rel}","templated":true}]}}