{"id":111980,"date":"2025-12-20T12:21:19","date_gmt":"2025-12-20T12:21:19","guid":{"rendered":"https:\/\/www.europesays.com\/se\/111980\/"},"modified":"2025-12-20T12:21:19","modified_gmt":"2025-12-20T12:21:19","slug":"fa-myndigheter-ger-julklappar-till-anstallda","status":"publish","type":"post","link":"https:\/\/www.europesays.com\/se\/111980\/","title":{"rendered":"F\u00e5 myndigheter ger julklappar till anst\u00e4llda"},"content":{"rendered":"<p>De mest gener\u00f6sa myndigheterna i Publikts julenk\u00e4t bjuder alla sina anst\u00e4llda p\u00e5 julbord och ger dem ocks\u00e5 en julklapp. De \u00e5tta myndigheter som g\u00f6r b\u00e5de och \u00e4r Arbetsf\u00f6rmedlingen, Folke Bernadotteakademin, Kriminalv\u00e5rden, Kungliga biblioteket, L\u00e4nsstyrelsen i Kronobergs l\u00e4n, R\u00e4ttsmedicinalverket, Statens tj\u00e4nstepensionsverk och \u00c5klagarmyndigheten.<\/p>\n<p>V\u00e4rdet p\u00e5 julg\u00e5van varierar fr\u00e5n 210\u00a0till 550\u00a0kronor \u2013 det senare beloppet \u00e4r gr\u00e4nsen f\u00f6r att g\u00e5van ska vara skattefri.<\/p>\n<p>Majoriteten av de \u00f6vriga statliga arbetsgivarna n\u00f6jer sig med att erbjuda n\u00e5gon form av julbord eller jullunch. N\u00e5gra myndigheter uppger att avdelningar eller kontor har resurser f\u00f6r personalsociala aktiviteter som de kan v\u00e4lja att anv\u00e4nda till julbord och i vissa fall \u00e4ven julklapp.<\/p>\n<p>P\u00e5 tre av de trettio myndigheter som besvarat Publikts enk\u00e4t f\u00e5r personalen varken julklappar eller julbord: Finansinspektionen, Patent- och registreringsverket och Universitets- och h\u00f6gskoler\u00e5det. Finansinspektionen ordnar dock ett \u201denklare julmingel\u201d.<\/p>\n<p>P\u00e5 Universitets- och h\u00f6gskoler\u00e5det, UHR, p\u00e5g\u00e5r en andra omg\u00e5ng av personalnedsk\u00e4rningar. <strong>Anneli Sch\u00f6nning<\/strong>, ledamot i STs sektionsstyrelse, konstaterar att det finns blandade k\u00e4nslor kring den uteblivna julfesten:<\/p>\n<p>\u2013 F\u00f6rra \u00e5ret, d\u00e5 det ocks\u00e5 var upps\u00e4gningar, hade de slopat julklappen men hade en julfest. Vissa tyckte att det var tond\u00f6vt att ha fest, medan andra uppskattade den, s\u00e4ger hon.<\/p>\n<p>Publikt har tidigare rapporterat om arbetsmilj\u00f6problem och bristande f\u00f6rtroende f\u00f6r ledningen p\u00e5 UHR, och de bekymren finns kvar, s\u00e4ger Anneli Sch\u00f6nning. De p\u00e5g\u00e5ende nedsk\u00e4rningarna f\u00f6rv\u00e4rrar situationen, menar hon.<\/p>\n<p>\u2013 Man beh\u00f6ver jobba med arbetsmilj\u00f6n, men fr\u00e5gan \u00e4r om en julfest skulle hj\u00e4lpa. Jag \u00e4r inte s\u00e4ker p\u00e5 att det vore en god id\u00e9 eftersom det kan upplevas som att myndigheten firar fast medarbetare har sagts upp.<\/p>\n<p>Men i princip ser hon positivt p\u00e5 att arbetsgivaren bjuder till med julklapp och fest.<\/p>\n<p>\u2013 F\u00f6rr fick vi b\u00e5de julklapp och julbord. Jag hoppas att det p\u00e5 sikt kan bli s\u00e5 igen, men just nu m\u00e5ste vi i f\u00f6rsta hand rikta in oss p\u00e5 att arbetsmilj\u00f6n i v\u00e5r vardag blir bra, s\u00e4ger Anneli Sch\u00f6nning.<\/p>\n<p>P\u00e5 Patent- och registreringsverket, som inte heller har n\u00e5gra s\u00e4rskilda jularrangemang, f\u00f6rklarar HR-chefen <strong>Andres Delgado Lopez<\/strong> att myndigheten har haft en k\u00e4rv ekonomi ett par \u00e5r.<\/p>\n<p>\u2013 Ett julbord kostar en hel del, s\u00e5 vi best\u00e4mde oss f\u00f6r att satsa p\u00e5 en myndighetsdag i\u00a0st\u00e4llet, s\u00e4ger han.<\/p>\n<p>Myndighetsdagen h\u00e5lls f\u00f6re jul, men \u00e4r allts\u00e5 inte direkt kopplad till h\u00f6gtiden. Dess fokus \u00e4r i\u00a0st\u00e4llet att fira att myndigheten fyller 140\u00a0\u00e5r. Det blir b\u00e5de lunch och middag, samt \u00f6vernattning f\u00f6r de anst\u00e4llda fr\u00e5n kontoret i S\u00f6derhamn.<\/p>\n<p>Hur det blir n\u00e4sta \u00e5r \u00e4r inte best\u00e4mt, s\u00e4ger Andres Delgado Lopez, men d\u00e5 ser i alla fall ekonomin ljusare ut.<\/p>\n<p>\u2013 Men det kanske vore trevligt med en fest en annan tid p\u00e5 \u00e5ret? D\u00e5 kan man f\u00e5 lite mer ljus och v\u00e4rme.<\/p>\n","protected":false},"excerpt":{"rendered":"De mest gener\u00f6sa myndigheterna i Publikts julenk\u00e4t bjuder alla sina anst\u00e4llda p\u00e5 julbord och ger dem ocks\u00e5 en&hellip;\n","protected":false},"author":2,"featured_media":111981,"comment_status":"","ping_status":"","sticky":false,"template":"","format":"standard","meta":{"footnotes":""},"categories":[65],"tags":[72,70,71,34,31,33,32,30],"class_list":{"0":"post-111980","1":"post","2":"type-post","3":"status-publish","4":"format-standard","5":"has-post-thumbnail","7":"category-ekonomi","8":"tag-business","9":"tag-economy","10":"tag-ekonomi","11":"tag-se","12":"tag-svenska","13":"tag-sverige","14":"tag-sweden","15":"tag-swedish"},"share_on_mastodon":{"url":"https:\/\/pubeurope.com\/@se\/115751871134345088","error":""},"_links":{"self":[{"href":"https:\/\/www.europesays.com\/se\/wp-json\/wp\/v2\/posts\/111980","targetHints":{"allow":["GET"]}}],"collection":[{"href":"https:\/\/www.europesays.com\/se\/wp-json\/wp\/v2\/posts"}],"about":[{"href":"https:\/\/www.europesays.com\/se\/wp-json\/wp\/v2\/types\/post"}],"author":[{"embeddable":true,"href":"https:\/\/www.europesays.com\/se\/wp-json\/wp\/v2\/users\/2"}],"replies":[{"embeddable":true,"href":"https:\/\/www.europesays.com\/se\/wp-json\/wp\/v2\/comments?post=111980"}],"version-history":[{"count":0,"href":"https:\/\/www.europesays.com\/se\/wp-json\/wp\/v2\/posts\/111980\/revisions"}],"wp:featuredmedia":[{"embeddable":true,"href":"https:\/\/www.europesays.com\/se\/wp-json\/wp\/v2\/media\/111981"}],"wp:attachment":[{"href":"https:\/\/www.europesays.com\/se\/wp-json\/wp\/v2\/media?parent=111980"}],"wp:term":[{"taxonomy":"category","embeddable":true,"href":"https:\/\/www.europesays.com\/se\/wp-json\/wp\/v2\/categories?post=111980"},{"taxonomy":"post_tag","embeddable":true,"href":"https:\/\/www.europesays.com\/se\/wp-json\/wp\/v2\/tags?post=111980"}],"curies":[{"name":"wp","href":"https:\/\/api.w.org\/{rel}","templated":true}]}}