{"id":111989,"date":"2025-12-20T12:29:46","date_gmt":"2025-12-20T12:29:46","guid":{"rendered":"https:\/\/www.europesays.com\/se\/111989\/"},"modified":"2025-12-20T12:29:46","modified_gmt":"2025-12-20T12:29:46","slug":"detaljhandelns-forsaljningsvolym-okade-i-november-2025","status":"publish","type":"post","link":"https:\/\/www.europesays.com\/se\/111989\/","title":{"rendered":"Detaljhandelns f\u00f6rs\u00e4ljningsvolym \u00f6kade i november 2025"},"content":{"rendered":"<p class=\"css-176tai e10i1bew2\">Enligt siffror fr\u00e5n SCB \u00f6kade f\u00f6rs\u00e4ljningen i detaljhandeln med 1,1 procent i november j\u00e4mf\u00f6rt med oktober, detta n\u00e4r s\u00e4songsvariationer och kalendereffekter rensats bort.<\/p>\n<p class=\"css-176tai e10i1bew2\">S\u00e4llank\u00f6pshandeln stod f\u00f6r det st\u00f6rsta lyftet p\u00e5 1,4 procent medan dagligvaror (exklusive Systembolaget) \u00f6kade med 0,7 procent.<\/p>\n<p class=\"css-176tai e10i1bew2\">J\u00e4mf\u00f6rt med samma m\u00e5nad f\u00f6r ett \u00e5r sedan var \u00f6kningen 5,6 procent. S\u00e4llank\u00f6pshandeln lyfte med hela 8,6 procent medan dagligvaruhandeln steg med 2,0 procent.<\/p>\n<p class=\"css-176tai e10i1bew2\">Den ackumulerade f\u00f6rs\u00e4ljningen under den senaste trem\u00e5nadersperioden  (september-november)  var 1,4 procent h\u00f6gre \u00e4n under perioden juni-augusti. <\/p>\n<p class=\"css-176tai e10i1bew2\">\u00c4ven i fasta priser utan kalenderkorrigering var \u00f6kningen markant. F\u00f6r hela detaljhandeln var f\u00f6rs\u00e4ljnings\u00f6kningen 3,3 procent. S\u00e4llank\u00f6pshandeln stod f\u00f6r hela \u00f6kningen p\u00e5 6,3 procent medan f\u00f6rs\u00e4ljningen av dagligvaror var of\u00f6r\u00e4ndrad.<\/p>\n<p class=\"css-176tai e10i1bew2\"><strong>L\u00c4S OCKS\u00c5: <\/strong><strong><a href=\"https:\/\/www.market.se\/detaljhandelsfragor\/konjunktur\/har-ar-vinnarna-trots-att-rantan-inte-sanks-stort-behov\/\" rel=\"nofollow noopener\" target=\"_blank\">H\u00e4r \u00e4r vinnarna \u2013 trots att r\u00e4ntan inte s\u00e4nks: \u201dStort behov\u201d<\/a><\/strong><\/p>\n","protected":false},"excerpt":{"rendered":"Enligt siffror fr\u00e5n SCB \u00f6kade f\u00f6rs\u00e4ljningen i detaljhandeln med 1,1 procent i november j\u00e4mf\u00f6rt med oktober, detta n\u00e4r&hellip;\n","protected":false},"author":2,"featured_media":111990,"comment_status":"","ping_status":"","sticky":false,"template":"","format":"standard","meta":{"footnotes":""},"categories":[65],"tags":[72,70,71,34,31,33,32,30],"class_list":{"0":"post-111989","1":"post","2":"type-post","3":"status-publish","4":"format-standard","5":"has-post-thumbnail","7":"category-ekonomi","8":"tag-business","9":"tag-economy","10":"tag-ekonomi","11":"tag-se","12":"tag-svenska","13":"tag-sverige","14":"tag-sweden","15":"tag-swedish"},"share_on_mastodon":{"url":"https:\/\/pubeurope.com\/@se\/115751906342215611","error":""},"_links":{"self":[{"href":"https:\/\/www.europesays.com\/se\/wp-json\/wp\/v2\/posts\/111989","targetHints":{"allow":["GET"]}}],"collection":[{"href":"https:\/\/www.europesays.com\/se\/wp-json\/wp\/v2\/posts"}],"about":[{"href":"https:\/\/www.europesays.com\/se\/wp-json\/wp\/v2\/types\/post"}],"author":[{"embeddable":true,"href":"https:\/\/www.europesays.com\/se\/wp-json\/wp\/v2\/users\/2"}],"replies":[{"embeddable":true,"href":"https:\/\/www.europesays.com\/se\/wp-json\/wp\/v2\/comments?post=111989"}],"version-history":[{"count":0,"href":"https:\/\/www.europesays.com\/se\/wp-json\/wp\/v2\/posts\/111989\/revisions"}],"wp:featuredmedia":[{"embeddable":true,"href":"https:\/\/www.europesays.com\/se\/wp-json\/wp\/v2\/media\/111990"}],"wp:attachment":[{"href":"https:\/\/www.europesays.com\/se\/wp-json\/wp\/v2\/media?parent=111989"}],"wp:term":[{"taxonomy":"category","embeddable":true,"href":"https:\/\/www.europesays.com\/se\/wp-json\/wp\/v2\/categories?post=111989"},{"taxonomy":"post_tag","embeddable":true,"href":"https:\/\/www.europesays.com\/se\/wp-json\/wp\/v2\/tags?post=111989"}],"curies":[{"name":"wp","href":"https:\/\/api.w.org\/{rel}","templated":true}]}}