{"id":111991,"date":"2025-12-20T12:38:40","date_gmt":"2025-12-20T12:38:40","guid":{"rendered":"https:\/\/www.europesays.com\/se\/111991\/"},"modified":"2025-12-20T12:38:40","modified_gmt":"2025-12-20T12:38:40","slug":"det-har-andras-vid-arsskiftet-nya-regler-som-paverkar-planboken-2026","status":"publish","type":"post","link":"https:\/\/www.europesays.com\/se\/111991\/","title":{"rendered":"Det h\u00e4r \u00e4ndras vid \u00e5rsskiftet \u2013 nya regler som p\u00e5verkar pl\u00e5nboken 2026"},"content":{"rendered":"<p>Personer som tidigare f\u00e5tt f\u00f6rs\u00f6rjningsst\u00f6d och nu arbetar kan f\u00e5 en s\u00e5 kallad jobbpremie, som \u00e4r skattefri enligt Skatteverket.<\/p>\n<p>Prisbasbeloppet f\u00f6r 2026 fastst\u00e4lls till 59 200 kronor och det f\u00f6rh\u00f6jda prisbasbeloppet till 60 500 kronor. Inkomstbasbeloppet blir 83 400 kronor, vilket p\u00e5verkar bland annat pensionsgrundande inkomst.<\/p>\n<p>Fler f\u00f6r\u00e4ndringar: public service, g\u00e5vor och mikroproduktion<\/p>\n<p>En ny lag om public service tr\u00e4der i kraft. Public service-avgiften ska nu motsvara 1 procent av den beskattningsbara f\u00f6rv\u00e4rvsinkomsten, upp till 1,42 inkomstbasbelopp, enligt Svensk f\u00f6rfattningssamling.<\/p>\n<p>S\u00e4rskild inkomstskatt f\u00f6r utomlands bosatta s\u00e4nks till 22,5 procent fr\u00e5n \u00e5rsskiftet och vidare till 20 procent \u00e5ret d\u00e4rp\u00e5.<\/p>\n<p>Juridiska personer f\u00e5r r\u00e4tt till skattereduktion f\u00f6r g\u00e5vor till forskning eller social hj\u00e4lpverksamhet. S\u00e5dana g\u00e5vor ska inte tas upp till beskattning hos \u00e4gare eller medlemmar och omfattas inte heller av kupongskatt.<\/p>\n<p>Skattereduktionen f\u00f6r mikroproduktion av f\u00f6rnybar el tas bort, d\u00e5 antalet solcellsanl\u00e4ggningar \u00f6kat kraftigt.<\/p>\n","protected":false},"excerpt":{"rendered":"Personer som tidigare f\u00e5tt f\u00f6rs\u00f6rjningsst\u00f6d och nu arbetar kan f\u00e5 en s\u00e5 kallad jobbpremie, som \u00e4r skattefri enligt&hellip;\n","protected":false},"author":2,"featured_media":111992,"comment_status":"","ping_status":"","sticky":false,"template":"","format":"standard","meta":{"footnotes":""},"categories":[65],"tags":[72,70,71,34,31,33,32,30],"class_list":{"0":"post-111991","1":"post","2":"type-post","3":"status-publish","4":"format-standard","5":"has-post-thumbnail","7":"category-ekonomi","8":"tag-business","9":"tag-economy","10":"tag-ekonomi","11":"tag-se","12":"tag-svenska","13":"tag-sverige","14":"tag-sweden","15":"tag-swedish"},"share_on_mastodon":{"url":"https:\/\/pubeurope.com\/@se\/115751937986812973","error":""},"_links":{"self":[{"href":"https:\/\/www.europesays.com\/se\/wp-json\/wp\/v2\/posts\/111991","targetHints":{"allow":["GET"]}}],"collection":[{"href":"https:\/\/www.europesays.com\/se\/wp-json\/wp\/v2\/posts"}],"about":[{"href":"https:\/\/www.europesays.com\/se\/wp-json\/wp\/v2\/types\/post"}],"author":[{"embeddable":true,"href":"https:\/\/www.europesays.com\/se\/wp-json\/wp\/v2\/users\/2"}],"replies":[{"embeddable":true,"href":"https:\/\/www.europesays.com\/se\/wp-json\/wp\/v2\/comments?post=111991"}],"version-history":[{"count":0,"href":"https:\/\/www.europesays.com\/se\/wp-json\/wp\/v2\/posts\/111991\/revisions"}],"wp:featuredmedia":[{"embeddable":true,"href":"https:\/\/www.europesays.com\/se\/wp-json\/wp\/v2\/media\/111992"}],"wp:attachment":[{"href":"https:\/\/www.europesays.com\/se\/wp-json\/wp\/v2\/media?parent=111991"}],"wp:term":[{"taxonomy":"category","embeddable":true,"href":"https:\/\/www.europesays.com\/se\/wp-json\/wp\/v2\/categories?post=111991"},{"taxonomy":"post_tag","embeddable":true,"href":"https:\/\/www.europesays.com\/se\/wp-json\/wp\/v2\/tags?post=111991"}],"curies":[{"name":"wp","href":"https:\/\/api.w.org\/{rel}","templated":true}]}}