{"id":111993,"date":"2025-12-20T12:39:10","date_gmt":"2025-12-20T12:39:10","guid":{"rendered":"https:\/\/www.europesays.com\/se\/111993\/"},"modified":"2025-12-20T12:39:10","modified_gmt":"2025-12-20T12:39:10","slug":"norska-kronan-halkar-efter-den-svenska","status":"publish","type":"post","link":"https:\/\/www.europesays.com\/se\/111993\/","title":{"rendered":"Norska kronan halkar efter den svenska"},"content":{"rendered":"<p>Den norska kronan handlas p\u00e5 historiskt l\u00e5g niv\u00e5 gentemot den svenska, skriver E24.<\/p>\n<p>L\u00e5ga f\u00f6rv\u00e4ntningar p\u00e5 oljepriserna och att valutatrejders helt enkelt \u00e4r mindre intresserade av den norska kronan \u00e4r delf\u00f6rklaringar, enligt Handelsbankens chefsstrateg i Norge, Nils Kristian Knudsen.<\/p>\n<p>Dessutom v\u00e4ntas svensk ekonomi g\u00e5 b\u00e4ttre \u00e4n norsk fram\u00f6ver.<\/p>\n<p>\u2013 Utvecklingen h\u00e4r hemma \u00e4r lite impulsiv p\u00e5 s\u00e4tt och vis, och den \u00e4r ocks\u00e5 lite mer kraftfull \u00f6ver gr\u00e4nsen. Det \u00e4r det som f\u00e5r mig att tro att svenskarna kommer att h\u00e5lla sig uppe, \u00e4ven i framtiden, s\u00e4ger Knudsen till aff\u00e4rstidningen.<\/p>\n<p>Omni \u00e4r politiskt obundna och oberoende. Vi str\u00e4var efter att ge fler perspektiv p\u00e5 nyheterna. Har du fr\u00e5gor eller synpunkter kring v\u00e5r rapportering? <a href=\"https:\/\/omni.se\/norska-strategen-svenskarna-kommer-halla-sig-uppe\/a\/mailto:redaktion@omni.se\" class=\"ArticleActions_contactLink__W2F1M\" rel=\"nofollow noopener\" target=\"_blank\">Kontakta redaktionen<\/a><\/p>\n","protected":false},"excerpt":{"rendered":"Den norska kronan handlas p\u00e5 historiskt l\u00e5g niv\u00e5 gentemot den svenska, skriver E24. L\u00e5ga f\u00f6rv\u00e4ntningar p\u00e5 oljepriserna och&hellip;\n","protected":false},"author":2,"featured_media":111994,"comment_status":"","ping_status":"","sticky":false,"template":"","format":"standard","meta":{"footnotes":""},"categories":[14],"tags":[22,23,26,27,17,21,24,25,28,29,324,15,430,16,325,18,34,31,33,32,30,19,20,3494,51,52,53,54],"class_list":{"0":"post-111993","1":"post","2":"type-post","3":"status-publish","4":"format-standard","5":"has-post-thumbnail","7":"category-varlden","8":"tag-breaking-news","9":"tag-breakingnews","10":"tag-featured-news","11":"tag-featurednews","12":"tag-headlines","13":"tag-huvudnyheter","14":"tag-latest-news","15":"tag-latestnews","16":"tag-main-news","17":"tag-mainnews","18":"tag-makroekonomi","19":"tag-news","20":"tag-norge","21":"tag-nyheter","22":"tag-penningpolitik","23":"tag-rubriker","24":"tag-se","25":"tag-svenska","26":"tag-sverige","27":"tag-sweden","28":"tag-swedish","29":"tag-top-stories","30":"tag-topstories","31":"tag-valuta","32":"tag-varlden","33":"tag-world","34":"tag-world-news","35":"tag-worldnews"},"share_on_mastodon":{"url":"https:\/\/pubeurope.com\/@se\/115751941758726977","error":""},"_links":{"self":[{"href":"https:\/\/www.europesays.com\/se\/wp-json\/wp\/v2\/posts\/111993","targetHints":{"allow":["GET"]}}],"collection":[{"href":"https:\/\/www.europesays.com\/se\/wp-json\/wp\/v2\/posts"}],"about":[{"href":"https:\/\/www.europesays.com\/se\/wp-json\/wp\/v2\/types\/post"}],"author":[{"embeddable":true,"href":"https:\/\/www.europesays.com\/se\/wp-json\/wp\/v2\/users\/2"}],"replies":[{"embeddable":true,"href":"https:\/\/www.europesays.com\/se\/wp-json\/wp\/v2\/comments?post=111993"}],"version-history":[{"count":0,"href":"https:\/\/www.europesays.com\/se\/wp-json\/wp\/v2\/posts\/111993\/revisions"}],"wp:featuredmedia":[{"embeddable":true,"href":"https:\/\/www.europesays.com\/se\/wp-json\/wp\/v2\/media\/111994"}],"wp:attachment":[{"href":"https:\/\/www.europesays.com\/se\/wp-json\/wp\/v2\/media?parent=111993"}],"wp:term":[{"taxonomy":"category","embeddable":true,"href":"https:\/\/www.europesays.com\/se\/wp-json\/wp\/v2\/categories?post=111993"},{"taxonomy":"post_tag","embeddable":true,"href":"https:\/\/www.europesays.com\/se\/wp-json\/wp\/v2\/tags?post=111993"}],"curies":[{"name":"wp","href":"https:\/\/api.w.org\/{rel}","templated":true}]}}