{"id":112001,"date":"2025-12-20T12:54:21","date_gmt":"2025-12-20T12:54:21","guid":{"rendered":"https:\/\/www.europesays.com\/se\/112001\/"},"modified":"2025-12-20T12:54:21","modified_gmt":"2025-12-20T12:54:21","slug":"over-100-myndigheter-far-ai-uppdrag-fran-regeringen","status":"publish","type":"post","link":"https:\/\/www.europesays.com\/se\/112001\/","title":{"rendered":"\u00d6ver 100 myndigheter f\u00e5r AI-uppdrag fr\u00e5n regeringen"},"content":{"rendered":"<p><img alt=\"Erik Slottner Och Riksdagen\" fetchpriority=\"high\" width=\"0\" height=\"0\" decoding=\"async\" data-nimg=\"1\" style=\"color:transparent;width:100%;height:auto\"   src=\"https:\/\/www.europesays.com\/se\/wp-content\/uploads\/2025\/12\/1766235261_634_\"\/><\/p>\n<p class=\"articles_imageText__AUgN5\">Civilminister Erik Slottner. <\/p>\n<p>Regeringen ger \u00f6ver 100 myndigheter i uppdrag att redovisa sitt arbete med data och AI. Uppdraget \u00e4r t\u00e4nkt att bidra till h\u00f6jd kvalitet och \u00f6ka myndigheternas f\u00f6rm\u00e5ga inom data och AI.<\/p>\n<p class=\"articles_info__xg5_A\">19 december 2025Uppdaterad 19 december 2025Reporter Fredrik AdolfssonregeringenFoto Ninni Andersson\/Regeringskansliet, Adobe stock<\/p>\n<p>\u2013 Sverige ska vara ledande i anv\u00e4ndningen av AI. Flera myndigheter har kommit l\u00e5ngt, men vi ser samtidigt att m\u00e5nga \u00e4r kvar i ett tidigt och utforskande stadium i teknikanv\u00e4ndningen. Vi vill d\u00e4rf\u00f6r uppmuntra fler att utveckla verksamheten med hj\u00e4lp av AI, s\u00e4ger civilminister Erik Slottner.<\/p>\n<p>Uppdragen har getts till de \u00f6ver 100 myndigheterna i regleringsbreven f\u00f6r 2026 och har anpassats beroende p\u00e5 vilken sorts verksamhet man \u00e4r.<\/p>\n<p>Utveckla utbudet av AI-utbildningar<\/p>\n<p>Universitet och h\u00f6gskolor ska redovisa hur de arbetar med att utveckla utbildningsutbudet avseende AI och vilka insatser de genomf\u00f6r f\u00f6r att integrera AI-inslag i utbildningar. Myndigheter ska redovisa hur de kan \u00f6ka sin f\u00f6rm\u00e5ga att nyttja AI och ny teknik genom datadrivet arbete.<\/p>\n<p>\u2013 Sverige \u00e4r ledande inom tech och AI. D\u00e4r ska vi forts\u00e4tta vara, b\u00e5de inom offentlig och privat sektor. F\u00f6r att bli b\u00e4st m\u00e5ste vi s\u00e4tta m\u00e5l och f\u00f6lja upp. Uppdraget \u00e4r en viktig del i det arbetet, s\u00e4ger EU-minister Jessica Rosencrantz.<\/p>\n","protected":false},"excerpt":{"rendered":"Civilminister Erik Slottner. Regeringen ger \u00f6ver 100 myndigheter i uppdrag att redovisa sitt arbete med data och AI.&hellip;\n","protected":false},"author":2,"featured_media":112002,"comment_status":"","ping_status":"","sticky":false,"template":"","format":"standard","meta":{"footnotes":""},"categories":[65],"tags":[72,70,71,34,31,33,32,30],"class_list":{"0":"post-112001","1":"post","2":"type-post","3":"status-publish","4":"format-standard","5":"has-post-thumbnail","7":"category-ekonomi","8":"tag-business","9":"tag-economy","10":"tag-ekonomi","11":"tag-se","12":"tag-svenska","13":"tag-sverige","14":"tag-sweden","15":"tag-swedish"},"share_on_mastodon":{"url":"https:\/\/pubeurope.com\/@se\/115752000964193824","error":""},"_links":{"self":[{"href":"https:\/\/www.europesays.com\/se\/wp-json\/wp\/v2\/posts\/112001","targetHints":{"allow":["GET"]}}],"collection":[{"href":"https:\/\/www.europesays.com\/se\/wp-json\/wp\/v2\/posts"}],"about":[{"href":"https:\/\/www.europesays.com\/se\/wp-json\/wp\/v2\/types\/post"}],"author":[{"embeddable":true,"href":"https:\/\/www.europesays.com\/se\/wp-json\/wp\/v2\/users\/2"}],"replies":[{"embeddable":true,"href":"https:\/\/www.europesays.com\/se\/wp-json\/wp\/v2\/comments?post=112001"}],"version-history":[{"count":0,"href":"https:\/\/www.europesays.com\/se\/wp-json\/wp\/v2\/posts\/112001\/revisions"}],"wp:featuredmedia":[{"embeddable":true,"href":"https:\/\/www.europesays.com\/se\/wp-json\/wp\/v2\/media\/112002"}],"wp:attachment":[{"href":"https:\/\/www.europesays.com\/se\/wp-json\/wp\/v2\/media?parent=112001"}],"wp:term":[{"taxonomy":"category","embeddable":true,"href":"https:\/\/www.europesays.com\/se\/wp-json\/wp\/v2\/categories?post=112001"},{"taxonomy":"post_tag","embeddable":true,"href":"https:\/\/www.europesays.com\/se\/wp-json\/wp\/v2\/tags?post=112001"}],"curies":[{"name":"wp","href":"https:\/\/api.w.org\/{rel}","templated":true}]}}