{"id":112024,"date":"2025-12-20T13:29:11","date_gmt":"2025-12-20T13:29:11","guid":{"rendered":"https:\/\/www.europesays.com\/se\/112024\/"},"modified":"2025-12-20T13:29:11","modified_gmt":"2025-12-20T13:29:11","slug":"hakanstorps-forskola-i-vasteras-har-infort-en-julklappshylla","status":"publish","type":"post","link":"https:\/\/www.europesays.com\/se\/112024\/","title":{"rendered":"H\u00e5kanstorps f\u00f6rskola i V\u00e4ster\u00e5s har inf\u00f6rt en julklappshylla"},"content":{"rendered":"<p><a data-test-tag=\"internal-link\" href=\"https:\/\/www.aftonbladet.se\/av\/anna-sjogren\" class=\"hyperion-css-13ns1rr\" rel=\"nofollow noopener\" target=\"\" aria-label=\"Se alla artiklar av Anna Sj\u00f6gren\"><img decoding=\"async\" class=\"image-asset hyperion-css-n6kkq1\" data-test-tag=\"image-asset\" src=\"https:\/\/www.europesays.com\/se\/wp-content\/uploads\/2025\/12\/1766237350_640_fa39691c-4075-4329-a10a-f5aaf3ded9f9\"  alt=\"\"  loading=\"lazy\" fetchpriority=\"auto\" style=\"aspect-ratio:1900 \/ 1900\"\/><\/a><\/p>\n<p class=\"boxtextgrotesk-root_baa6 hyperion-css-7pajle\">Uppdaterad 14.04 | Publicerad 13.56<\/p>\n<p>share-arrowDela<\/p>\n<p>unsaveSpara<\/p>\n<p>expand-left<\/p>\n<p>helsk\u00e4rm<img decoding=\"async\" class=\"image-asset hyperion-css-u06ts1\" data-test-tag=\"image-asset\" src=\"https:\/\/www.europesays.com\/se\/wp-content\/uploads\/2025\/12\/9242c4a4-4fac-4f89-b524-d175a36d75eb\"  alt=\"Presenthyllan \u00f6ppnade i november och kommer att finnas kvar f\u00f6r alla \u00e5rets h\u00f6gtider.\"  loading=\"eager\" fetchpriority=\"high\" style=\"aspect-ratio:1900 \/ 1425\"\/>Presenthyllan \u00f6ppnade i november och kommer att finnas kvar f\u00f6r alla \u00e5rets h\u00f6gtider. Foto: Privat<\/p>\n<p class=\"hyperion-css-1shl3oz\" data-test-tag=\"lead-text\">Hj\u00e4lporganisationer larmar om att m\u00e5nga familjer st\u00e5r inf\u00f6r en \u201dfattigjul\u201d. <\/p>\n<p class=\"hyperion-css-1shl3oz\" data-test-tag=\"lead-text\">P\u00e5 en f\u00f6rskola i V\u00e4ster\u00e5s ser pedagogerna till att alla barn f\u00e5r en julklapp under granen.<\/p>\n<p class=\"hyperion-css-1shl3oz\" data-test-tag=\"lead-text\">\u2013 M\u00e5nga h\u00e4mtar julklappar n\u00e4r vi inte \u00e4r d\u00e4r, s\u00e4ger Lisa Jisei, socialpedagog. <\/p>\n<ul class=\"hyperion-css-e9gx76\" data-test-tag=\"list\">\n<li class=\"hyperion-css-1d843yr\">P\u00e5 H\u00e5kanstorps f\u00f6rskola i V\u00e4ster\u00e5s har en presenthylla inr\u00e4ttats d\u00e4r f\u00f6r\u00e4ldrar kan h\u00e4mta julklappar till sina barn, f\u00f6r att hj\u00e4lpa familjer med begr\u00e4nsade ekonomiska resurser under julen. <\/li>\n<li class=\"hyperion-css-1d843yr\">Pedagogerna tillsammans med f\u00f6r\u00e4ldrar och barn har fyllt hyllan med leksaker och g\u00e5vor som kan tas av alla, och initiativet syftar till att bryta skammen kopplad till ekonomiska sv\u00e5righeter och att be om hj\u00e4lp.<\/li>\n<li class=\"hyperion-css-1d843yr\">Konceptet med presenthyllan planeras att forts\u00e4tta \u00e4ven efter jul och kommer att anv\u00e4ndas f\u00f6r f\u00f6delsedagar och andra h\u00f6gtider \u00e5ret runt, f\u00f6r att st\u00f6tta familjer i behov av hj\u00e4lp.<\/li>\n<\/ul>\n<p>L\u00e4s mer<\/p>\n<p class=\"hyperion-css-1v9qo5x\">P\u00e5 en hylla inne p\u00e5 H\u00e5kanstorps f\u00f6rskola p\u00e5 Sk\u00e4lby tr\u00e4ngs de blivande julklapparna. H\u00e4r kan f\u00f6r\u00e4ldrar v\u00e4lja bland en rad olika g\u00e5vor till sina barn: f\u00e4rgglatt lego, plusplus sm\u00e5 pysselkit med p\u00e4rlor, h\u00e5rsp\u00e4nnen, spel och b\u00f6cker.<\/p>\n<p class=\"hyperion-css-1v9qo5x\">De f\u00f6rsta presenterna st\u00e4llde pedagogerna dit. <\/p>\n<p class=\"hyperion-css-1v9qo5x\">\u2013 Vi pedagoger fyllde p\u00e5 lite i b\u00f6rjan, men sen har familjerna och barnen sj\u00e4lva l\u00e4mnat in saker de inte anv\u00e4nder mer. Den \u00e4r helt sj\u00e4lvf\u00f6rs\u00f6rjande.<\/p>\n<p>expand-left<\/p>\n<p>helsk\u00e4rm<img decoding=\"async\" class=\"image-asset hyperion-css-u06ts1\" data-test-tag=\"image-asset\" src=\"https:\/\/www.europesays.com\/se\/wp-content\/uploads\/2025\/12\/f9fa4cfd-e22b-4f35-bc72-08eea23eff16\"  alt=\"Socialpedagog Lisa Jisei och f\u00f6rskoll\u00e4raren Sofie \u00c5kesson jobbar p\u00e5 H\u00e5kanstorps f\u00f6rskola i V\u00e4ster\u00e5s.\"  loading=\"eager\" fetchpriority=\"high\" style=\"aspect-ratio:1900 \/ 1924\"\/>Socialpedagog Lisa Jisei och f\u00f6rskoll\u00e4raren Sofie \u00c5kesson jobbar p\u00e5 H\u00e5kanstorps f\u00f6rskola i V\u00e4ster\u00e5s. Foto: Privat<\/p>\n<p class=\"hyperion-css-1v9qo5x\">Hyllan \u00f6ppnade i november. <\/p>\n<p class=\"hyperion-css-1v9qo5x\">\u2013 Julen \u00e4r en ekonomiskt tuff period f\u00f6r m\u00e5nga familjer n\u00e4r man ska ha r\u00e5d med varma kl\u00e4der, ledighet, aktiviteter och julklappar, och \u00e4nnu mer nu n\u00e4r m\u00e5nga har f\u00e5tt det s\u00e4mre st\u00e4llt. Det finns samtidigt en skam kopplad till pengar och att be om hj\u00e4lp. Det h\u00e4r initiativet g\u00f6r det mer normaliserat, s\u00e4ger Lisa Jisei.<\/p>\n<p>\u201dHar inte r\u00e5d med varma kl\u00e4der\u201d<\/p>\n<p class=\"hyperion-css-1v9qo5x\">Hon \u00e4r socialpedagog p\u00e5 f\u00f6rskolan och har ansvar f\u00f6r att f\u00f6rskolan arbetar f\u00f6rebyggande med familjer och kommer p\u00e5 s\u00e4tt att st\u00f6tta f\u00f6r\u00e4ldrarna. Id\u00e9n med presenthyllan spinner vidare p\u00e5 den ta-hylla f\u00f6r kl\u00e4der som f\u00f6rskolan haft i tv\u00e5 \u00e5r. <\/p>\n<p class=\"hyperion-css-1v9qo5x\">F\u00f6r det \u00e4r ocks\u00e5 n\u00e5got Lisa och kollegorna i H\u00e5kanstorp, ett fattigare omr\u00e5de i <a data-test-tag=\"internal-link\" href=\"https:\/\/www.aftonbladet.se\/lokala-nyheter\/vasteras\" class=\"hyperion-css-15jkft9\" rel=\"nofollow noopener\" target=\"\" aria-label=\"V\u00e4ster\u00e5s\">V\u00e4ster\u00e5s<\/a>, ser allt oftare. Att f\u00f6r\u00e4ldrar inte har r\u00e5d att kl\u00e4 sina barn i varma, hela kl\u00e4der under h\u00f6sten och vintern, n\u00e5got <a aria-label=\"som ocks\u00e5 GP skrivit om tidigare.\" class=\"default hyperion-css-15jkft9\" href=\"https:\/\/www.gp.se\/politik\/foraldrar-har-inte-rad-med-ytterklader-forskolan-infor-lanesystem.cf37dea1-e765-4e08-91a8-22b8c994edd3\" rel=\"noopener nofollow noreferrer\" data-test-tag=\"external-link\" target=\"_blank\">som ocks\u00e5 GP skrivit om tidigare.<\/a><\/p>\n<p class=\"hyperion-css-1v9qo5x\">Det h\u00e4r \u00e4r en generell trend p\u00e5 f\u00f6rskolor, enligt Lisa Jisei.<\/p>\n<p>expand-left<\/p>\n<p>helsk\u00e4rm<img decoding=\"async\" class=\"image-asset hyperion-css-u06ts1\" data-test-tag=\"image-asset\" src=\"https:\/\/www.europesays.com\/se\/wp-content\/uploads\/2025\/12\/f3673001-64bf-47fa-b19a-c37b8628ee38\"  alt=\"M\u00e5nga f\u00f6r\u00e4ldrar och barn har bidragit till hyllan med gamla leksaker som inte l\u00e4ngre anv\u00e4nds. \"  loading=\"eager\" fetchpriority=\"high\" style=\"aspect-ratio:1900 \/ 1425\"\/>M\u00e5nga f\u00f6r\u00e4ldrar och barn har bidragit till hyllan med gamla leksaker som inte l\u00e4ngre anv\u00e4nds. Foto: Privat<\/p>\n<p class=\"hyperion-css-1v9qo5x\">\u2013 Det h\u00e4r \u00e4r ett omr\u00e5de d\u00e4r m\u00e5nga har det s\u00e4mre st\u00e4llt. Men jag har arbetat i \u201dfinare\u201d omr\u00e5den och d\u00e4r finns det ocks\u00e5 ekonomisk utsatthet, men mer dold. <\/p>\n<p class=\"hyperion-css-1v9qo5x\">Inflationen, pris\u00f6kningarna och arbetsl\u00f6sheten pressar sm\u00e5barnsfamiljerna. Flera hj\u00e4lporganisationer, bland annat Stadsmissionen, har larmat om att hj\u00e4lpbehovet inf\u00f6r \u00e5rets jul \u00e4r st\u00f6rre \u00e4n p\u00e5 l\u00e4nge.<\/p>\n<p>Barnen visar sina f\u00f6r\u00e4ldrar<\/p>\n<p class=\"hyperion-css-1v9qo5x\">Hyllan st\u00e5r p\u00e5 en undanskymd plats p\u00e5 f\u00f6rskolan. <\/p>\n<p class=\"hyperion-css-1v9qo5x\">\u2013 M\u00e5nga h\u00e4mtar julklappar n\u00e4r vi inte \u00e4r d\u00e4r. Jag hade \u00f6nskat att det var mer pratbart, f\u00f6r att kunna ge dem mer st\u00f6d och avlasta dem fr\u00e5n den skam som m\u00e5nga b\u00e4r p\u00e5. <\/p>\n<p class=\"hyperion-css-1v9qo5x\"><strong>Vad s\u00e4ger barnen om presenthyllan? <\/strong><\/p>\n<p class=\"hyperion-css-1v9qo5x\">\u2013 Barn \u00e4r fantastiskt okomplicerade. De tycker bara att det \u00e4r roligt. De pekar p\u00e5 saker, pratar om vad de \u00f6nskar sig och visar sina f\u00f6r\u00e4ldrar. F\u00f6r dem \u00e4r det helt naturligt \u2013 det \u00e4r vi vuxna som kr\u00e5nglar till det.<\/p>\n<p>expand-left<\/p>\n<p>helsk\u00e4rm<img decoding=\"async\" class=\"image-asset hyperion-css-u06ts1\" data-test-tag=\"image-asset\" src=\"https:\/\/www.europesays.com\/se\/wp-content\/uploads\/2025\/12\/b107b738-abf8-494b-b811-053b28be4b4a\"  alt=\"Presenthyllan har n\u00e5got f\u00f6r alla intressen och \u00e5ldrar. \"  loading=\"eager\" fetchpriority=\"high\" style=\"aspect-ratio:1900 \/ 2533\"\/>Presenthyllan har n\u00e5got f\u00f6r alla intressen och \u00e5ldrar. Foto: Privat<\/p>\n<p class=\"hyperion-css-1v9qo5x\"><strong>Vad hoppas du att det h\u00e4r ska ge barnen? <\/strong><\/p>\n<p class=\"hyperion-css-1v9qo5x\">\u2013 Jag hoppas att alla f\u00e5r en jul med julklappar s\u00e5 att de kan komma tillbaka efter lovet och ber\u00e4tta om vad de f\u00e5tt och vara med i det som alla andra barn pratar om. <\/p>\n<p class=\"hyperion-css-1v9qo5x\"><strong>Tycker du att fler f\u00f6rskolor borde g\u00f6ra samma sak som ni? <\/strong><\/p>\n<p class=\"hyperion-css-1v9qo5x\">\u2013 Ja, jag tycker f\u00f6rskolor beh\u00f6ver ta ett st\u00f6rre grepp kring familjernas hela situation. Det handlar inte om att f\u00f6rskolan ska k\u00f6pa saker, utan om att kunna prata om utsatthet och visa att vi \u00e4r ett st\u00f6d, inte bara en instans som g\u00f6r orosanm\u00e4lningar.<\/p>\n<p class=\"hyperion-css-1v9qo5x\">Och \u00e4ven efter julens firanden kommer hyllan att leva vidare p\u00e5 H\u00e5kanstorps f\u00f6rskola. <\/p>\n<p class=\"hyperion-css-1v9qo5x\">\u2013 Hyllan kommer att st\u00e5 kvar \u00e5ret runt \u2013 det finns ju f\u00f6delsedagar, Eid och flera andra h\u00f6gtider som man beh\u00f6ver k\u00f6pa presenter till. <\/p>\n","protected":false},"excerpt":{"rendered":"Uppdaterad 14.04 | Publicerad 13.56 share-arrowDela unsaveSpara expand-left helsk\u00e4rmPresenthyllan \u00f6ppnade i november och kommer att finnas kvar f\u00f6r&hellip;\n","protected":false},"author":2,"featured_media":112025,"comment_status":"","ping_status":"","sticky":false,"template":"","format":"standard","meta":{"footnotes":""},"categories":[12],"tags":[22,23,26,27,17,21,24,25,28,29,15,16,18,34,31,33,32,30,19,20],"class_list":{"0":"post-112024","1":"post","2":"type-post","3":"status-publish","4":"format-standard","5":"has-post-thumbnail","7":"category-sverige","8":"tag-breaking-news","9":"tag-breakingnews","10":"tag-featured-news","11":"tag-featurednews","12":"tag-headlines","13":"tag-huvudnyheter","14":"tag-latest-news","15":"tag-latestnews","16":"tag-main-news","17":"tag-mainnews","18":"tag-news","19":"tag-nyheter","20":"tag-rubriker","21":"tag-se","22":"tag-svenska","23":"tag-sverige","24":"tag-sweden","25":"tag-swedish","26":"tag-top-stories","27":"tag-topstories"},"share_on_mastodon":{"url":"https:\/\/pubeurope.com\/@se\/115752139735855146","error":""},"_links":{"self":[{"href":"https:\/\/www.europesays.com\/se\/wp-json\/wp\/v2\/posts\/112024","targetHints":{"allow":["GET"]}}],"collection":[{"href":"https:\/\/www.europesays.com\/se\/wp-json\/wp\/v2\/posts"}],"about":[{"href":"https:\/\/www.europesays.com\/se\/wp-json\/wp\/v2\/types\/post"}],"author":[{"embeddable":true,"href":"https:\/\/www.europesays.com\/se\/wp-json\/wp\/v2\/users\/2"}],"replies":[{"embeddable":true,"href":"https:\/\/www.europesays.com\/se\/wp-json\/wp\/v2\/comments?post=112024"}],"version-history":[{"count":0,"href":"https:\/\/www.europesays.com\/se\/wp-json\/wp\/v2\/posts\/112024\/revisions"}],"wp:featuredmedia":[{"embeddable":true,"href":"https:\/\/www.europesays.com\/se\/wp-json\/wp\/v2\/media\/112025"}],"wp:attachment":[{"href":"https:\/\/www.europesays.com\/se\/wp-json\/wp\/v2\/media?parent=112024"}],"wp:term":[{"taxonomy":"category","embeddable":true,"href":"https:\/\/www.europesays.com\/se\/wp-json\/wp\/v2\/categories?post=112024"},{"taxonomy":"post_tag","embeddable":true,"href":"https:\/\/www.europesays.com\/se\/wp-json\/wp\/v2\/tags?post=112024"}],"curies":[{"name":"wp","href":"https:\/\/api.w.org\/{rel}","templated":true}]}}