{"id":112026,"date":"2025-12-20T13:30:07","date_gmt":"2025-12-20T13:30:07","guid":{"rendered":"https:\/\/www.europesays.com\/se\/112026\/"},"modified":"2025-12-20T13:30:07","modified_gmt":"2025-12-20T13:30:07","slug":"20-december-14-00-trafikkontroll-vasternorrlands-lan-polisen-se","status":"publish","type":"post","link":"https:\/\/www.europesays.com\/se\/112026\/","title":{"rendered":"20 december 14.00, Trafikkontroll, V\u00e4sternorrlands l\u00e4n &#8211; polisen.se"},"content":{"rendered":"<ol>\n<li><a href=\"https:\/\/news.google.com\/rss\/articles\/CBMirAFBVV95cUxQdDhmZDhJdG1vUkRZTGV3akVRMERSWFpPS05VX1ZOTGN1WlhrcVJaOUZ3TDhFcWtKSmdWbW94cHFqc09sOE1QN19hRmE0ZUJlZkVjUVd4dV84U1hkd0ZRQjY1cUwteTItZVpCbW54VTI2NFVubnZjSTkwa2g4VC1zTzFtQmpZaXV0V0NuUmJGLWh1eTZaeUpHc0NwTlV2ZkZxaVFOeVNuLXNwNENi?oc=5\" target=\"_blank\" rel=\"nofollow noopener\">20 december 14.00, Trafikkontroll, V\u00e4sternorrlands l\u00e4n<\/a>&nbsp;&nbsp;polisen.se<\/li>\n<li><a href=\"https:\/\/news.google.com\/rss\/articles\/CBMixAFBVV95cUxPcDFXUXVqVGhjQllsRC1kVF85S1VaQ0p3TGcwcTUxbXYwMDAwV3NaUDZvYVU4YmczdEZPYmVXWklhM3duaXNjZjRYX3h4N2tLbVNlalNpR29OSDJQbXpqOEV6VlRoYzR1bXlFOHd3bjI1LUVyQ3pFZm9QZ1ZkQkgyRnpzVWdEQldXbU5GcmJNMjczNE1LWW9fV0d5SUg0REp5Y1kxVklLR0pwdWs1Qi1Ga3JFZUNCS0UwUkpsUUswZkpwZlpz?oc=5\" target=\"_blank\" rel=\"nofollow noopener\">Urval av polisens arbete i trafiken<\/a>&nbsp;&nbsp;Brottsplatskartan.se<\/li>\n<li><a href=\"https:\/\/news.google.com\/rss\/articles\/CBMi_gFBVV95cUxNNmRDYmk3OHZ2d3N3U1JWcGdGZE54SFNMdTY1cUFla09oSXR0NjBRcmhPc3dicG5TeW9Qc3lRbUt1TXlVSFVEbXJaOTZyUmVzVHpUblNzZWZBWHVwNm5nR3FWTkdDUmkyZW5IQ2ZEZ280VUZsYnpaN3pSMXFfbER5MDNvMVEySUluaW5aLVl4M3AwNWl5R3JzWkRDcExVNzVnYU53MnpoRkIyS1lvNUtORGVsVmJmVWgwUG0wbzhISUlFcE5lZlNMcFVzcTRsdlNRQjBWdFlLMmxlRkViVkV3TnVKMGlHN2M1eGlGOTdJVHlGM1FjdTFORzcxN1BsQQ?oc=5\" target=\"_blank\" rel=\"nofollow noopener\">Under dagen har polisen kontrollerat nykterhet i trafiken p\u00e5 ett antal platser.<\/a>&nbsp;&nbsp;Brottsplatskartan.se<\/li>\n<li><a href=\"https:\/\/news.google.com\/rss\/articles\/CBMi2gFBVV95cUxOUl9tTkZaU1RYZXRockNiQzVlSzFQbGVPUzg5dW1wWFYwNDdPYXVzS2dmTWxjemFoMVYycWR1MlBCTHprdS1NUXdlcHJ1TjVlb3pOQWRNelBNV0tKcU5PUVZUNjhoaUF6U2N2TDBhaHEtU3BoaHh2YlFQcF8xdFMteVQzSmxBejV6d1JZWEhJUGR0ZE1HNVM4bXJlZGNKUEthSVpvUnB6SGs4MXE5eGZSNGRuaXVKb0hLeDFsMnNPMUxuMzZNQ3ZTY2ZkUEkzU3dJdFJmcEgxNzFNQQ?oc=5\" target=\"_blank\" rel=\"nofollow noopener\">Ett urval av polisens arbete i trafiken under dagen.<\/a>&nbsp;&nbsp;Brottsplatskartan.se<\/li>\n<li><a href=\"https:\/\/news.google.com\/rss\/articles\/CBMijAJBVV95cUxNUE1jc01ZUWk5LWE0Ui1oRmMwRTlQZFVjRFBOYy1ENGdQTXhJaHFvRlRBVFotREhMNkNtYzFDVlR0ZXp4d0VEalF5TDZ2Ym5hQkxiYXYzeU5jcDQtemQ3emdlaThYZHpYV0hNRFAwaU5ZX1loenYtM3ZyTV9YRFFfVXUtNjRmNXVsUjNPdlQwOTRnNm5KcVQ1MDNudzdnTVlEQWk4QWNvaXBmRTZnS016enpCNFo4UElQdmhsRkl6NVEwSERCWHR3X09rZjduMWRuSXA1U19fMkljc3VmV2l5ckh0N3ZKYTd2dDNiVVRZQlFseXFWbGRWT1ptR3lxMm5WV2tkTTJJLXFDNEdr?oc=5\" target=\"_blank\" rel=\"nofollow noopener\">V\u00e4sternorrlands l\u00e4n, resultat efter trafikkontroller under f\u00f6rmiddag och tidig eftermiddag.<\/a>&nbsp;&nbsp;Brottsplatskartan.se<\/li>\n<\/ol>\n","protected":false},"excerpt":{"rendered":"20 december 14.00, Trafikkontroll, V\u00e4sternorrlands l\u00e4n&nbsp;&nbsp;polisen.se Urval av polisens arbete i trafiken&nbsp;&nbsp;Brottsplatskartan.se Under dagen har polisen kontrollerat nykterhet&hellip;\n","protected":false},"author":2,"featured_media":54,"comment_status":"","ping_status":"","sticky":false,"template":"","format":"standard","meta":{"footnotes":""},"categories":[5],"tags":[22,23,26,27,17,21,24,25,28,29,15,16,18,34,31,33,32,30,19,20],"class_list":{"0":"post-112026","1":"post","2":"type-post","3":"status-publish","4":"format-standard","5":"has-post-thumbnail","7":"category-rubriker","8":"tag-breaking-news","9":"tag-breakingnews","10":"tag-featured-news","11":"tag-featurednews","12":"tag-headlines","13":"tag-huvudnyheter","14":"tag-latest-news","15":"tag-latestnews","16":"tag-main-news","17":"tag-mainnews","18":"tag-news","19":"tag-nyheter","20":"tag-rubriker","21":"tag-se","22":"tag-svenska","23":"tag-sverige","24":"tag-sweden","25":"tag-swedish","26":"tag-top-stories","27":"tag-topstories"},"share_on_mastodon":{"url":"https:\/\/pubeurope.com\/@se\/115752142296807470","error":""},"_links":{"self":[{"href":"https:\/\/www.europesays.com\/se\/wp-json\/wp\/v2\/posts\/112026","targetHints":{"allow":["GET"]}}],"collection":[{"href":"https:\/\/www.europesays.com\/se\/wp-json\/wp\/v2\/posts"}],"about":[{"href":"https:\/\/www.europesays.com\/se\/wp-json\/wp\/v2\/types\/post"}],"author":[{"embeddable":true,"href":"https:\/\/www.europesays.com\/se\/wp-json\/wp\/v2\/users\/2"}],"replies":[{"embeddable":true,"href":"https:\/\/www.europesays.com\/se\/wp-json\/wp\/v2\/comments?post=112026"}],"version-history":[{"count":0,"href":"https:\/\/www.europesays.com\/se\/wp-json\/wp\/v2\/posts\/112026\/revisions"}],"wp:featuredmedia":[{"embeddable":true,"href":"https:\/\/www.europesays.com\/se\/wp-json\/wp\/v2\/media\/54"}],"wp:attachment":[{"href":"https:\/\/www.europesays.com\/se\/wp-json\/wp\/v2\/media?parent=112026"}],"wp:term":[{"taxonomy":"category","embeddable":true,"href":"https:\/\/www.europesays.com\/se\/wp-json\/wp\/v2\/categories?post=112026"},{"taxonomy":"post_tag","embeddable":true,"href":"https:\/\/www.europesays.com\/se\/wp-json\/wp\/v2\/tags?post=112026"}],"curies":[{"name":"wp","href":"https:\/\/api.w.org\/{rel}","templated":true}]}}