{"id":112033,"date":"2025-12-20T13:38:10","date_gmt":"2025-12-20T13:38:10","guid":{"rendered":"https:\/\/www.europesays.com\/se\/112033\/"},"modified":"2025-12-20T13:38:10","modified_gmt":"2025-12-20T13:38:10","slug":"namndeman-stangs-av-anklagas-for-att-ha-brutit-mot-tystnadsplikten","status":"publish","type":"post","link":"https:\/\/www.europesays.com\/se\/112033\/","title":{"rendered":"N\u00e4mndeman st\u00e4ngs av \u2013 anklagas f\u00f6r att ha brutit mot tystnadsplikten"},"content":{"rendered":"<p>Fallet har f\u00e5tt stor uppm\u00e4rksamhet. Inte minst f\u00f6r att 38-\u00e5ringen, som arbetade inom hemtj\u00e4nsten, d\u00f6mdes till f\u00e4ngelse men inte utvisades. Det har f\u00e5tt flera politiker, d\u00e4ribland statsminister Ulf Kristersson, att rasa. <\/p>\n<p>Anledningen till att n\u00e4mndemannen nu st\u00e4ngs av \u00e4r att han \u00f6ppet ber\u00e4ttat att han ville att mannen skulle utvisas och att man lutade \u00e5t det i \u00f6verl\u00e4ggningarna. Han ska \u00e4ven ha kritiserat bed\u00f6mningen tingsr\u00e4tten gjorde enligt Aftonbladet. <\/p>\n<p>\u201dHan \u00e4r polisanm\u00e4ld f\u00f6r brott mot tystnadsplikten\u201d, s\u00e4ger lagmannen i en kommentar till tidningen.<\/p>\n","protected":false},"excerpt":{"rendered":"Fallet har f\u00e5tt stor uppm\u00e4rksamhet. Inte minst f\u00f6r att 38-\u00e5ringen, som arbetade inom hemtj\u00e4nsten, d\u00f6mdes till f\u00e4ngelse men&hellip;\n","protected":false},"author":2,"featured_media":111957,"comment_status":"","ping_status":"","sticky":false,"template":"","format":"standard","meta":{"footnotes":""},"categories":[5],"tags":[22,23,26,27,17,21,24,25,28,29,15,16,18,34,31,33,32,30,19,20],"class_list":{"0":"post-112033","1":"post","2":"type-post","3":"status-publish","4":"format-standard","5":"has-post-thumbnail","7":"category-rubriker","8":"tag-breaking-news","9":"tag-breakingnews","10":"tag-featured-news","11":"tag-featurednews","12":"tag-headlines","13":"tag-huvudnyheter","14":"tag-latest-news","15":"tag-latestnews","16":"tag-main-news","17":"tag-mainnews","18":"tag-news","19":"tag-nyheter","20":"tag-rubriker","21":"tag-se","22":"tag-svenska","23":"tag-sverige","24":"tag-sweden","25":"tag-swedish","26":"tag-top-stories","27":"tag-topstories"},"share_on_mastodon":{"url":"https:\/\/pubeurope.com\/@se\/115752173847070480","error":""},"_links":{"self":[{"href":"https:\/\/www.europesays.com\/se\/wp-json\/wp\/v2\/posts\/112033","targetHints":{"allow":["GET"]}}],"collection":[{"href":"https:\/\/www.europesays.com\/se\/wp-json\/wp\/v2\/posts"}],"about":[{"href":"https:\/\/www.europesays.com\/se\/wp-json\/wp\/v2\/types\/post"}],"author":[{"embeddable":true,"href":"https:\/\/www.europesays.com\/se\/wp-json\/wp\/v2\/users\/2"}],"replies":[{"embeddable":true,"href":"https:\/\/www.europesays.com\/se\/wp-json\/wp\/v2\/comments?post=112033"}],"version-history":[{"count":0,"href":"https:\/\/www.europesays.com\/se\/wp-json\/wp\/v2\/posts\/112033\/revisions"}],"wp:featuredmedia":[{"embeddable":true,"href":"https:\/\/www.europesays.com\/se\/wp-json\/wp\/v2\/media\/111957"}],"wp:attachment":[{"href":"https:\/\/www.europesays.com\/se\/wp-json\/wp\/v2\/media?parent=112033"}],"wp:term":[{"taxonomy":"category","embeddable":true,"href":"https:\/\/www.europesays.com\/se\/wp-json\/wp\/v2\/categories?post=112033"},{"taxonomy":"post_tag","embeddable":true,"href":"https:\/\/www.europesays.com\/se\/wp-json\/wp\/v2\/tags?post=112033"}],"curies":[{"name":"wp","href":"https:\/\/api.w.org\/{rel}","templated":true}]}}