{"id":112038,"date":"2025-12-20T13:41:07","date_gmt":"2025-12-20T13:41:07","guid":{"rendered":"https:\/\/www.europesays.com\/se\/112038\/"},"modified":"2025-12-20T13:41:07","modified_gmt":"2025-12-20T13:41:07","slug":"chalamet-slar-hal-pa-rykterna-rappar-med-esdeekid","status":"publish","type":"post","link":"https:\/\/www.europesays.com\/se\/112038\/","title":{"rendered":"Chalamet sl\u00e5r h\u00e5l p\u00e5 rykterna \u2013 rappar med Esdeekid"},"content":{"rendered":"<p>Det har bubblat p\u00e5 sociala medier l\u00e4nge. \u00c4r sk\u00e5despelaren Timoth\u00e9e Chalamet personen bakom det brittiska rap-fenomenet Esdeekid? I g\u00e5r slog han h\u00e5l p\u00e5 rykterna. <\/p>\n<p>Rapparen Esdeekid g\u00f6mmer sitt ansikte, men m\u00e5nga uppm\u00e4rksamma f\u00f6ljare i sociala medier har noterat att hans \u00f6gon \u00e4r v\u00e4ldigt lika Chalamets. Det satte fart p\u00e5 ryktet. N\u00e4r Chalamet nu nyligen var p\u00e5 pressresa i Storbritannien f\u00f6r sin nya film fick han fr\u00e5gor om Esdeekid och hans sanna identitet. Chalamet svarade konsekvent: <\/p>\n<p>\u2013 Allt kommer avsl\u00f6jas i sinom tid. <\/p>\n<p>Och s\u00e5 blev det i g\u00e5r n\u00e4r Esdeekid sl\u00e4ppte en ny version av sin hit 4raw \u2013 med Chalamet bredvid sig. \u201dMy life is an opera, look at the Oscars, look at the groupies, look at the movies\u201d, h\u00f6rs han rappa. <\/p>\n<p>Omni \u00e4r politiskt obundna och oberoende. Vi str\u00e4var efter att ge fler perspektiv p\u00e5 nyheterna. Har du fr\u00e5gor eller synpunkter kring v\u00e5r rapportering? <a href=\"https:\/\/omni.se\/chalamet-slar-hal-pa-rykterna-rappar-med-esdeekid\/a\/mailto:redaktion@omni.se\" class=\"ArticleActions_contactLink__W2F1M\" rel=\"nofollow noopener\" target=\"_blank\">Kontakta redaktionen<\/a><\/p>\n","protected":false},"excerpt":{"rendered":"Det har bubblat p\u00e5 sociala medier l\u00e4nge. \u00c4r sk\u00e5despelaren Timoth\u00e9e Chalamet personen bakom det brittiska rap-fenomenet Esdeekid? I&hellip;\n","protected":false},"author":2,"featured_media":112039,"comment_status":"","ping_status":"","sticky":false,"template":"","format":"standard","meta":{"footnotes":""},"categories":[67],"tags":[104,267,172,34,593,31,33,32,30,12322,105],"class_list":{"0":"post-112038","1":"post","2":"type-post","3":"status-publish","4":"format-standard","5":"has-post-thumbnail","7":"category-underhallning","8":"tag-entertainment","9":"tag-europa","10":"tag-musik","11":"tag-se","12":"tag-storbritannien","13":"tag-svenska","14":"tag-sverige","15":"tag-sweden","16":"tag-swedish","17":"tag-timothee-chalamet","18":"tag-underhallning"},"share_on_mastodon":{"url":"https:\/\/pubeurope.com\/@se\/115752185508391895","error":""},"_links":{"self":[{"href":"https:\/\/www.europesays.com\/se\/wp-json\/wp\/v2\/posts\/112038","targetHints":{"allow":["GET"]}}],"collection":[{"href":"https:\/\/www.europesays.com\/se\/wp-json\/wp\/v2\/posts"}],"about":[{"href":"https:\/\/www.europesays.com\/se\/wp-json\/wp\/v2\/types\/post"}],"author":[{"embeddable":true,"href":"https:\/\/www.europesays.com\/se\/wp-json\/wp\/v2\/users\/2"}],"replies":[{"embeddable":true,"href":"https:\/\/www.europesays.com\/se\/wp-json\/wp\/v2\/comments?post=112038"}],"version-history":[{"count":0,"href":"https:\/\/www.europesays.com\/se\/wp-json\/wp\/v2\/posts\/112038\/revisions"}],"wp:featuredmedia":[{"embeddable":true,"href":"https:\/\/www.europesays.com\/se\/wp-json\/wp\/v2\/media\/112039"}],"wp:attachment":[{"href":"https:\/\/www.europesays.com\/se\/wp-json\/wp\/v2\/media?parent=112038"}],"wp:term":[{"taxonomy":"category","embeddable":true,"href":"https:\/\/www.europesays.com\/se\/wp-json\/wp\/v2\/categories?post=112038"},{"taxonomy":"post_tag","embeddable":true,"href":"https:\/\/www.europesays.com\/se\/wp-json\/wp\/v2\/tags?post=112038"}],"curies":[{"name":"wp","href":"https:\/\/api.w.org\/{rel}","templated":true}]}}