{"id":112040,"date":"2025-12-20T13:45:12","date_gmt":"2025-12-20T13:45:12","guid":{"rendered":"https:\/\/www.europesays.com\/se\/112040\/"},"modified":"2025-12-20T13:45:12","modified_gmt":"2025-12-20T13:45:12","slug":"det-ar-mycket-trafik-under-julhelgen","status":"publish","type":"post","link":"https:\/\/www.europesays.com\/se\/112040\/","title":{"rendered":"Det \u00e4r mycket trafik under julhelgen"},"content":{"rendered":"<p>Under julhelgen ger sig m\u00e5nga \u00f6stg\u00f6tar ut p\u00e5 v\u00e4garna f\u00f6r att h\u00e4lsa p\u00e5 sl\u00e4kt och v\u00e4nner. Det \u00e4r en av \u00e5rets mest trafikintensiva och olycksdrabbade helger med v\u00e4xlande v\u00e4derf\u00f6rh\u00e5llanden och inte s\u00e4llan ett halt v\u00e4glag. F\u00f6rra \u00e5ret skadades n\u00e4stan 3\u00a0000 personer under jul- och ny\u00e5rshelgen och tolv omkom, enligt Trafikverkets statistik. (I \u00d6sterg\u00f6tland var siffrorna 168 s<\/p>\n","protected":false},"excerpt":{"rendered":"Under julhelgen ger sig m\u00e5nga \u00f6stg\u00f6tar ut p\u00e5 v\u00e4garna f\u00f6r att h\u00e4lsa p\u00e5 sl\u00e4kt och v\u00e4nner. Det \u00e4r&hellip;\n","protected":false},"author":2,"featured_media":112041,"comment_status":"","ping_status":"","sticky":false,"template":"","format":"standard","meta":{"footnotes":""},"categories":[12],"tags":[22,23,26,27,17,21,24,25,28,29,15,16,18,34,31,33,32,30,19,20],"class_list":{"0":"post-112040","1":"post","2":"type-post","3":"status-publish","4":"format-standard","5":"has-post-thumbnail","7":"category-sverige","8":"tag-breaking-news","9":"tag-breakingnews","10":"tag-featured-news","11":"tag-featurednews","12":"tag-headlines","13":"tag-huvudnyheter","14":"tag-latest-news","15":"tag-latestnews","16":"tag-main-news","17":"tag-mainnews","18":"tag-news","19":"tag-nyheter","20":"tag-rubriker","21":"tag-se","22":"tag-svenska","23":"tag-sverige","24":"tag-sweden","25":"tag-swedish","26":"tag-top-stories","27":"tag-topstories"},"share_on_mastodon":{"url":"https:\/\/pubeurope.com\/@se\/115752201274334360","error":""},"_links":{"self":[{"href":"https:\/\/www.europesays.com\/se\/wp-json\/wp\/v2\/posts\/112040","targetHints":{"allow":["GET"]}}],"collection":[{"href":"https:\/\/www.europesays.com\/se\/wp-json\/wp\/v2\/posts"}],"about":[{"href":"https:\/\/www.europesays.com\/se\/wp-json\/wp\/v2\/types\/post"}],"author":[{"embeddable":true,"href":"https:\/\/www.europesays.com\/se\/wp-json\/wp\/v2\/users\/2"}],"replies":[{"embeddable":true,"href":"https:\/\/www.europesays.com\/se\/wp-json\/wp\/v2\/comments?post=112040"}],"version-history":[{"count":0,"href":"https:\/\/www.europesays.com\/se\/wp-json\/wp\/v2\/posts\/112040\/revisions"}],"wp:featuredmedia":[{"embeddable":true,"href":"https:\/\/www.europesays.com\/se\/wp-json\/wp\/v2\/media\/112041"}],"wp:attachment":[{"href":"https:\/\/www.europesays.com\/se\/wp-json\/wp\/v2\/media?parent=112040"}],"wp:term":[{"taxonomy":"category","embeddable":true,"href":"https:\/\/www.europesays.com\/se\/wp-json\/wp\/v2\/categories?post=112040"},{"taxonomy":"post_tag","embeddable":true,"href":"https:\/\/www.europesays.com\/se\/wp-json\/wp\/v2\/tags?post=112040"}],"curies":[{"name":"wp","href":"https:\/\/api.w.org\/{rel}","templated":true}]}}