{"id":112046,"date":"2025-12-20T13:53:30","date_gmt":"2025-12-20T13:53:30","guid":{"rendered":"https:\/\/www.europesays.com\/se\/112046\/"},"modified":"2025-12-20T13:53:30","modified_gmt":"2025-12-20T13:53:30","slug":"8-sidor-parti-vill-stoppa-forfattare","status":"publish","type":"post","link":"https:\/\/www.europesays.com\/se\/112046\/","title":{"rendered":"8 Sidor &#8211; Parti vill stoppa f\u00f6rfattare"},"content":{"rendered":"<p>Nadim Ghazale och Alexandra Pascalidou \u00e4r f\u00f6rfattare. Foton: Jonas Ekstr\u00f6mer\/TT och Claudio Bresciani\/TT<\/p>\n<p>Sverigedemokraterna<br \/>i kommunen Lilla Edet<br \/>vill stoppa biblioteket<br \/>att bjuda in tv\u00e5 f\u00f6rfattare.<\/p>\n<p>Det \u00e4r f\u00f6rfattarna<br \/>Nadim Ghazale<br \/>och Alexandra Pascalidou.<br \/>De skriver och pratar om<br \/>v\u00e5ld, brott och rasism.<\/p>\n<p>Sverigedemokraterna tycker<br \/>att kommunen inte ska bjuda in<br \/>och betala politiska f\u00f6rfattare<br \/>n\u00e4r det snart \u00e4r val i Sverige.<\/p>\n<p>Centerpartisten Julia F\u00e4rjhage<br \/>\u00e4r den viktigaste<br \/>politikern i Lilla Edet.<br \/>Hon tycker att<br \/>Sverigedemokraterna har fel.<\/p>\n<p>\u2013 Politiker ska inte styra<br \/>vilka personer som f\u00e5r<br \/>komma till bibliotek,<br \/>skolor och kulturhus.<br \/>I Sverige f\u00e5r vi prata fritt,<br \/>vi har yttrandefrihet,<br \/>s\u00e4ger Julia F\u00e4rjhage.<\/p>\n<p>Flera organisationer<br \/>som arbetar med<br \/>r\u00e4tten att skriva fritt<br \/>\u00e4r ocks\u00e5 kritiska till<br \/>Sverigedemokraterna<br \/>i Lilla Edet.<\/p>\n<p>Sveriges f\u00f6rfattarf\u00f6rbund<br \/>tycker att Sveriges<br \/>minister f\u00f6r kultur,<br \/>Parisa Liljestrand,<br \/>m\u00e5ste s\u00e4ga till<br \/>Sverigedemokraterna<br \/>att de g\u00f6r fel.<\/p>\n<p>8 SIDOR\/TT<\/p>\n<ul>\n<li>Lilla Edet \u00e4r en kommun<br \/>i V\u00e4stra G\u00f6talands l\u00e4n.<br \/>D\u00e4r bor ungef\u00e4r<br \/>14 tusen m\u00e4nniskor.<\/li>\n<li>Sverigedemokraterna<br \/>\u00e4r kommunens st\u00f6rsta parti.<br \/>De fick ungef\u00e4r 31 procent<br \/>av r\u00f6sterna i f\u00f6rra valet.<\/li>\n<li>Men det \u00e4r inte<br \/>Sverigedemokraterna<br \/>som best\u00e4mmer i kommunen.<\/li>\n<li>Det \u00e4r partierna<br \/>Socialdemokraterna,<br \/>Centerpartiet, Moderaterna<br \/>och V\u00e4nsterpartiet som<br \/>best\u00e4mmer tillsammans.<\/li>\n<\/ul>\n","protected":false},"excerpt":{"rendered":"Nadim Ghazale och Alexandra Pascalidou \u00e4r f\u00f6rfattare. Foton: Jonas Ekstr\u00f6mer\/TT och Claudio Bresciani\/TT Sverigedemokraternai kommunen Lilla Edetvill stoppa&hellip;\n","protected":false},"author":2,"featured_media":112047,"comment_status":"","ping_status":"","sticky":false,"template":"","format":"standard","meta":{"footnotes":""},"categories":[12],"tags":[22,23,26,27,17,21,24,25,28,29,15,16,18,34,31,33,32,30,19,20],"class_list":{"0":"post-112046","1":"post","2":"type-post","3":"status-publish","4":"format-standard","5":"has-post-thumbnail","7":"category-sverige","8":"tag-breaking-news","9":"tag-breakingnews","10":"tag-featured-news","11":"tag-featurednews","12":"tag-headlines","13":"tag-huvudnyheter","14":"tag-latest-news","15":"tag-latestnews","16":"tag-main-news","17":"tag-mainnews","18":"tag-news","19":"tag-nyheter","20":"tag-rubriker","21":"tag-se","22":"tag-svenska","23":"tag-sverige","24":"tag-sweden","25":"tag-swedish","26":"tag-top-stories","27":"tag-topstories"},"share_on_mastodon":{"url":"https:\/\/pubeurope.com\/@se\/115752232688958800","error":""},"_links":{"self":[{"href":"https:\/\/www.europesays.com\/se\/wp-json\/wp\/v2\/posts\/112046","targetHints":{"allow":["GET"]}}],"collection":[{"href":"https:\/\/www.europesays.com\/se\/wp-json\/wp\/v2\/posts"}],"about":[{"href":"https:\/\/www.europesays.com\/se\/wp-json\/wp\/v2\/types\/post"}],"author":[{"embeddable":true,"href":"https:\/\/www.europesays.com\/se\/wp-json\/wp\/v2\/users\/2"}],"replies":[{"embeddable":true,"href":"https:\/\/www.europesays.com\/se\/wp-json\/wp\/v2\/comments?post=112046"}],"version-history":[{"count":0,"href":"https:\/\/www.europesays.com\/se\/wp-json\/wp\/v2\/posts\/112046\/revisions"}],"wp:featuredmedia":[{"embeddable":true,"href":"https:\/\/www.europesays.com\/se\/wp-json\/wp\/v2\/media\/112047"}],"wp:attachment":[{"href":"https:\/\/www.europesays.com\/se\/wp-json\/wp\/v2\/media?parent=112046"}],"wp:term":[{"taxonomy":"category","embeddable":true,"href":"https:\/\/www.europesays.com\/se\/wp-json\/wp\/v2\/categories?post=112046"},{"taxonomy":"post_tag","embeddable":true,"href":"https:\/\/www.europesays.com\/se\/wp-json\/wp\/v2\/tags?post=112046"}],"curies":[{"name":"wp","href":"https:\/\/api.w.org\/{rel}","templated":true}]}}