{"id":112054,"date":"2025-12-20T14:17:15","date_gmt":"2025-12-20T14:17:15","guid":{"rendered":"https:\/\/www.europesays.com\/se\/112054\/"},"modified":"2025-12-20T14:17:15","modified_gmt":"2025-12-20T14:17:15","slug":"bakslag-for-batteribolaget-kan-lamna-sverige","status":"publish","type":"post","link":"https:\/\/www.europesays.com\/se\/112054\/","title":{"rendered":"Bakslag f\u00f6r batteribolaget: \u201dKan l\u00e4mna Sverige\u201d"},"content":{"rendered":"<p class=\"\">Senior Material i Eskilstuna \u00e4r ett kinesiskt bolag som tillverkar h\u00f6gteknologiska separatorfilmer till litiumjonbatterier, vilket \u00e4r en kritisk komponent f\u00f6r elbilsbatterier. Hittills har bolaget satsat tre miljarder kronor p\u00e5 fabriken, vilket g\u00f6r satsningen till den n\u00e4st st\u00f6rsta kinesiska investeringen i Sverige efter Geelys satsningar i G\u00f6teborg.<\/p>\n<p class=\"\">I oktober beviljade Kemikalieinspektionen f\u00f6rnyad dispens f\u00f6r Senior Material att anv\u00e4nda metylenklorid, som \u00e4r ett giftigt och normalt sett f\u00f6rbjudet l\u00f6sningsmedel i Sverige. Men nu k\u00f6r Mark- och milj\u00f6domstolen \u00f6ver Kemikalieinspektionen och upph\u00e4ver dispensen.<\/p>\n<p class=\"\">Domstolen har funnit att Senior Materials ans\u00f6kan inte inneh\u00e5ller tillr\u00e4ckligt med information f\u00f6r att dispensfr\u00e5gan ska kunna bed\u00f6mas, och att Kemikalieinspektion inte utrett \u00e4rende fullt ut innan myndigheten beslutade om en dispens.<\/p>\n<p class=\"\">\u2013 Kemikalieinspektionen m\u00e5ste nu g\u00f6ra ett omtag i dispens\u00e4rendet med ny handl\u00e4ggning och ett nytt beslut. Ett \u00e5terf\u00f6rvisat \u00e4rende ska handl\u00e4ggas skyndsamt, s\u00e4ger r\u00e4ttens ordf\u00f6rande, r\u00e5dmannen Inge Karlstr\u00f6m, i ett <a class=\"null text-blue-link underline\" href=\"https:\/\/www.domstol.se\/nyheter\/2025\/12\/fragan-om-dispens-for-anvandning-av-metylenklorid-aterforvisas-till-kemikalieinspektionen\/\" rel=\"nofollow noopener\" target=\"_blank\">pressmeddelande<\/a>.<\/p>\n<p class=\"\">Han f\u00f6rklarar ocks\u00e5 att dispens endast kan ge om det finns synnerliga sk\u00e4l, d\u00e4r den s\u00f6kande m\u00e5ste styrka ovanliga och s\u00e4rskilt beaktansv\u00e4rda omst\u00e4ndigheter f\u00f6r att f\u00f6rbudet ska fr\u00e5ng\u00e5s.<\/p>\n<p>F\u00e5r stora konsekvenser<\/p>\n<p class=\"\">Bolagets presschef Cecilia Vallin \u00e4r besviken p\u00e5 beslutet och s\u00e4ger till EFN att detta f\u00e5r stora konsekvenser:<\/p>\n<p class=\"\">\u2013 Vi har varit otroligt t\u00e5lmodiga i den h\u00e4r processen och f\u00f6ljt alla beslut som ligger inom ramen f\u00f6r v\u00e5r verksamhet, men nu k\u00e4nner vi att vi inte har blivit r\u00e4ttvist behandlade. Metylenklorid \u00e4r ett vanligt \u00e4mne inom industrin och Kemikalieinspektionen har konstaterat att v\u00e5r s\u00e4kerhet \u00e4r tillr\u00e4ckligt h\u00f6g f\u00f6r att vi ska anv\u00e4nda det utan n\u00e5gon fara f\u00f6r omgivningen. Trots det s\u00e4tter domstolen stopp, s\u00e4ger Cecilia Vallin.<\/p>\n<p class=\"\"><strong>S\u00e5 vad inneb\u00e4r detta bakslag f\u00f6r er?<\/strong><\/p>\n<p class=\"\">\u2013 Att vi startade verksamhet i Europa beror p\u00e5 att vi vill vara n\u00e4ra v\u00e5ra europeiska kunder, och d\u00e5 valde vi Sverige p\u00e5 grund av den trygga och stabila lagstiftningen h\u00e4r. Men nu f\u00e5r vi inte testk\u00f6ra och visa v\u00e5ra processer, utan det blir ett slags moment 22. D\u00e4rf\u00f6r kan vi inte utesluta att vi faktiskt l\u00e4mnar Eskilstuna och Sverige, s\u00e4ger hon.<\/p>\n<p class=\"\"><strong>F\u00e5r ni inbjudningar fr\u00e5n andra h\u00e5ll?<\/strong><\/p>\n<p class=\"\">\u2013 Ja, vi f\u00e5r hela tiden p\u00e5st\u00f6tningar fr\u00e5n andra EU-l\u00e4nder. En stor kund till oss \u00e4r Verkor i Frankrike, och nyligen var jag i Spanien f\u00f6r att ta emot ett h\u00e5llbarhetspris. Det \u00e4r tv\u00e5 av flera alternativ, s\u00e4ger Cecilia Vallin.<\/p>\n<p><img alt=\"Fr\u00e9d\u00e9ric Cho\" loading=\"lazy\" width=\"1280\" height=\"720\" decoding=\"async\" data-nimg=\"1\" class=\"\" style=\"color:transparent\"   src=\"https:\/\/www.europesays.com\/se\/wp-content\/uploads\/2025\/12\/hqziQgOXk08Sa3aJFj8NR0DssS2knVxqaOER2LdT.jpg\"\/>\u2013 Det l\u00e4r v\u00e4cka viss f\u00f6rundran att ett myndighetsbeslut kan \u00e4ndras p\u00e5 detta s\u00e4tt, n\u00e4r man nog trodde att allt var klappat och klart, s\u00e4ger kinak\u00e4nnaren Fr\u00e9d\u00e9ric Cho. Foto: Anders Frick<\/p>\n<p class=\"\">Den m\u00e5ng\u00e5rige kinak\u00e4nnaren Fr\u00e9d\u00e9ric Cho, r\u00e5dgivare p\u00e5 det egna bolaget Fr\u00e9d\u00e9ric Cho Advisory AB, \u00e4r \u00f6vertygad om att situationen \u00e4r d\u00e5lig f\u00f6r den kinesiska synen p\u00e5 Sverige som investeringsland.<\/p>\n<p class=\"\">\u2013 Ja, det l\u00e4r v\u00e4cka viss f\u00f6rundran att ett myndighetsbeslut kan \u00e4ndras p\u00e5 detta s\u00e4tt, n\u00e4r man nog trodde att allt var klappat och klart f\u00f6r att g\u00e5 vidare med investeringen, s\u00e4ger Fr\u00e9d\u00e9ric Cho till EFN.<\/p>\n<p class=\"\">Han drar paralleller med kinesiska PTL som \u00e4r en annan kinesisk underleverant\u00f6r i batteribranschen. PTL skulle etablera sig i Torsboda och bygga en anodfabrik i Timr\u00e5, men satsningen stoppades av statliga ISP, Inspektionen f\u00f6r strategiska produkter.<\/p>\n<p class=\"\">\u2013 Fr\u00e5getecken restes ju redan d\u00e5, och fr\u00e5getecknen blir tyv\u00e4rr inte f\u00e4rre om detta blir ytterligare ett negativt fall. Inte bara kinesiska potentiella investerare, utan ocks\u00e5 fr\u00e5n andra l\u00e4nder, l\u00e4r bli lite undrande om f\u00f6ruts\u00e4gbarheten i hur Sverige hanterar och bem\u00f6ter utl\u00e4ndska investerare, s\u00e4ger han.<\/p>\n<p class=\"\"><strong>Hur ser Kina generellt sett p\u00e5 europeiska satsningar p\u00e5 batteritillverkning?<\/strong><\/p>\n<p class=\"\">\u2013 Kina ser m\u00f6jligheter till samarbete med europeiska l\u00e4nder om man kan komma \u00f6verens om acceptabla villkor. Det kan b\u00e5de r\u00f6ra sig om kinesiskt hel\u00e4gt, joint venture-samarbeten, eller licensiering, det ena beh\u00f6ver inte utesluta det andra. Vad g\u00e4ller underleverant\u00f6rer inom batteritillverkning \u00e4r Europa \u00e4nnu mer beroende av kinesiska underleverant\u00f6rer av maskiner och teknologi med tanke p\u00e5 den stora kinesiska dominansen i detta segment. Men l\u00e5t oss nu avvakta och se vad som h\u00e4nder h\u00e4rn\u00e4st, s\u00e4ger Fr\u00e9d\u00e9ric Cho.<\/p>\n","protected":false},"excerpt":{"rendered":"Senior Material i Eskilstuna \u00e4r ett kinesiskt bolag som tillverkar h\u00f6gteknologiska separatorfilmer till litiumjonbatterier, vilket \u00e4r en kritisk&hellip;\n","protected":false},"author":2,"featured_media":112055,"comment_status":"","ping_status":"","sticky":false,"template":"","format":"standard","meta":{"footnotes":""},"categories":[12],"tags":[22,23,26,27,17,21,24,25,28,29,15,16,18,34,31,33,32,30,19,20],"class_list":{"0":"post-112054","1":"post","2":"type-post","3":"status-publish","4":"format-standard","5":"has-post-thumbnail","7":"category-sverige","8":"tag-breaking-news","9":"tag-breakingnews","10":"tag-featured-news","11":"tag-featurednews","12":"tag-headlines","13":"tag-huvudnyheter","14":"tag-latest-news","15":"tag-latestnews","16":"tag-main-news","17":"tag-mainnews","18":"tag-news","19":"tag-nyheter","20":"tag-rubriker","21":"tag-se","22":"tag-svenska","23":"tag-sverige","24":"tag-sweden","25":"tag-swedish","26":"tag-top-stories","27":"tag-topstories"},"share_on_mastodon":{"url":"https:\/\/pubeurope.com\/@se\/115752327465620730","error":""},"_links":{"self":[{"href":"https:\/\/www.europesays.com\/se\/wp-json\/wp\/v2\/posts\/112054","targetHints":{"allow":["GET"]}}],"collection":[{"href":"https:\/\/www.europesays.com\/se\/wp-json\/wp\/v2\/posts"}],"about":[{"href":"https:\/\/www.europesays.com\/se\/wp-json\/wp\/v2\/types\/post"}],"author":[{"embeddable":true,"href":"https:\/\/www.europesays.com\/se\/wp-json\/wp\/v2\/users\/2"}],"replies":[{"embeddable":true,"href":"https:\/\/www.europesays.com\/se\/wp-json\/wp\/v2\/comments?post=112054"}],"version-history":[{"count":0,"href":"https:\/\/www.europesays.com\/se\/wp-json\/wp\/v2\/posts\/112054\/revisions"}],"wp:featuredmedia":[{"embeddable":true,"href":"https:\/\/www.europesays.com\/se\/wp-json\/wp\/v2\/media\/112055"}],"wp:attachment":[{"href":"https:\/\/www.europesays.com\/se\/wp-json\/wp\/v2\/media?parent=112054"}],"wp:term":[{"taxonomy":"category","embeddable":true,"href":"https:\/\/www.europesays.com\/se\/wp-json\/wp\/v2\/categories?post=112054"},{"taxonomy":"post_tag","embeddable":true,"href":"https:\/\/www.europesays.com\/se\/wp-json\/wp\/v2\/tags?post=112054"}],"curies":[{"name":"wp","href":"https:\/\/api.w.org\/{rel}","templated":true}]}}