{"id":112060,"date":"2025-12-20T14:26:36","date_gmt":"2025-12-20T14:26:36","guid":{"rendered":"https:\/\/www.europesays.com\/se\/112060\/"},"modified":"2025-12-20T14:26:36","modified_gmt":"2025-12-20T14:26:36","slug":"flera-viltolyckor-i-lanet-under-fredagskvallen-ostersunds-posten","status":"publish","type":"post","link":"https:\/\/www.europesays.com\/se\/112060\/","title":{"rendered":"Flera viltolyckor i l\u00e4net under fredagskv\u00e4llen &#8211; \u00d6stersunds-Posten"},"content":{"rendered":"<ol>\n<li><a href=\"https:\/\/news.google.com\/rss\/articles\/CBMihgFBVV95cUxOaGs5NjdRV0pTdG1US3JremJFOE0zV3M2QnZDdEtTd3hiNWdIcl9pajd3SXBnVVRnN1VPcWpGY3UtMEVIbEl3LTlpRFA4YzAtYU5McXYyQ202WlkwQ3RXcWxJOUNVTXowNHNyR0FBMFh4Sjc5VzlUVVVGdFRfN3o3TXlCUERydw?oc=5\" target=\"_blank\" rel=\"nofollow noopener\">Flera viltolyckor i l\u00e4net under fredagskv\u00e4llen<\/a>&nbsp;&nbsp;\u00d6stersunds-Posten<\/li>\n<li><a href=\"https:\/\/news.google.com\/rss\/articles\/CBMi2gFBVV95cUxOMEhMQlZqVnNneXNLbVR0Vkk5U2VfMFFDYy1PblBtQThoUzVUbTBRRkZLR0wwWVdNQzJXd2lQc3BoYXdELWxMZ3UxeVhNclRsRXJmUHJ2QlpxckQ5TVJoZUxMUUZsendseTdicG1hV194ZGpwU05oREdOMGZ5WFBkbWNvZmxKR2hoanlYa0hXamNWelJWS2dTendNT09YQjVWbGt6UjlLMEpCaTRfU2dWZElrOVdTZUNWSkhnTHM3dnBNUlNMOGplWmI3cGpTX2lqVmVOZ1QyM0oxdw?oc=5\" target=\"_blank\" rel=\"nofollow noopener\">J\u00e4mtland, anm\u00e4lda viltolyckor efter klockan 15 i dag.<\/a>&nbsp;&nbsp;Brottsplatskartan.se<\/li>\n<li><a href=\"https:\/\/news.google.com\/rss\/articles\/CBMijwJBVV95cUxPN0wwa0hWT2xVNjBTOExJR0NfZGh5Z1ZyR3k5TmVmTXgwSHE1TThBU0NfMFVxazNEalRvd2xrZkQ4VXRwTW5GZ3dIejhlbHJ4UTg3c2tNTzhDUGlWUkxsVm1maVd6SVMzZHZCclRlaWF5U21KYUhYVEcwOFBBS1FnRjNVSlA0WHlhTktYTVp4eHF4SlFoMlRWcmJxbjhaRUR0LU9MUUdxU1luQ1c3T1Y5OXQ3WlkxZU51U09BUG9tSDYzbWMxOXZ1VG1HbTFaTXU5R1FHSFBobDg1MHVKdk9PcW81U3FBWTJRT003WlEyM01oNmxCWFdSYTk4UDJTY0o5NjFyVU55c0lrR3pDcmg0?oc=5\" target=\"_blank\" rel=\"nofollow noopener\">Ett antal viltolyckor och renp\u00e5k\u00f6rningar har rapporterats in till polisen under morgonen\/f\u00f6rmiddagen.<\/a>&nbsp;&nbsp;Brottsplatskartan.se<\/li>\n<li><a href=\"https:\/\/news.google.com\/rss\/articles\/CBMi4gFBVV95cUxPQjZvWjE5bFNTYjd1VW9sbDRCdlJ5UWJQSzZqbHFHWENyNWk5eE9XclRKVnFGSXpaT0F5MWptQ05lclBZdFhLczBxOVN1LXQ5alJlcTM4NTdtZnNtNmN5LXkyOXhzZGlqOFZRZm5PUzU0eENZZWszc19mTldlUVhPR0FtV2I5ejB4b2tob0lBZG9KZ0pneG8xOW91UWt1TE9uZHBmU2d5THpWdi1lUTRKclR6aXlmckRmaWpwd2JObEtlcWU1cFRsdEJIQmFwdmR3a0hCQWFEWHlYSlZ1X3hjeXlB?oc=5\" target=\"_blank\" rel=\"nofollow noopener\">Flera vilt- och renolyckor anm\u00e4lda till polisen under eftermiddagen<\/a>&nbsp;&nbsp;Brottsplatskartan.se<\/li>\n<li><a href=\"https:\/\/news.google.com\/rss\/articles\/CBMi1AFBVV95cUxNaE93OTdFbWdWZndQWWRYY2FzYllhak1QMHVEYUs0S3poTEFRdVFjWFdVZF9vTGhDRTNTSjdPUHBJM3dvcFFSZ3BFMmVOTndadzU5VUZWV3VXWWhBaDIwMWVGU2podlpGRDhieW1ndTN6OEhRUWJfQzEtYjJKOHlmTEJZalByaVVhWXVXQm9YNWFVUFVTSHZZMGxycjExblE3ZGNrV3V0ZU9McHFQb3pxZGUtREZEWTBaUnk4RHBzbDEtZEtSbkF4OGs5bWlEeXRaV2ZEUA?oc=5\" target=\"_blank\" rel=\"nofollow noopener\">J\u00e4mtland, ett urval av nattens polisverksamhet<\/a>&nbsp;&nbsp;Brottsplatskartan.se<\/li>\n<\/ol>\n","protected":false},"excerpt":{"rendered":"Flera viltolyckor i l\u00e4net under fredagskv\u00e4llen&nbsp;&nbsp;\u00d6stersunds-Posten J\u00e4mtland, anm\u00e4lda viltolyckor efter klockan 15 i dag.&nbsp;&nbsp;Brottsplatskartan.se Ett antal viltolyckor och&hellip;\n","protected":false},"author":2,"featured_media":112061,"comment_status":"","ping_status":"","sticky":false,"template":"","format":"standard","meta":{"footnotes":""},"categories":[12],"tags":[22,23,26,27,17,21,24,25,28,29,15,16,18,34,31,33,32,30,19,20],"class_list":{"0":"post-112060","1":"post","2":"type-post","3":"status-publish","4":"format-standard","5":"has-post-thumbnail","7":"category-sverige","8":"tag-breaking-news","9":"tag-breakingnews","10":"tag-featured-news","11":"tag-featurednews","12":"tag-headlines","13":"tag-huvudnyheter","14":"tag-latest-news","15":"tag-latestnews","16":"tag-main-news","17":"tag-mainnews","18":"tag-news","19":"tag-nyheter","20":"tag-rubriker","21":"tag-se","22":"tag-svenska","23":"tag-sverige","24":"tag-sweden","25":"tag-swedish","26":"tag-top-stories","27":"tag-topstories"},"share_on_mastodon":{"url":"https:\/\/pubeurope.com\/@se\/115752362546801138","error":""},"_links":{"self":[{"href":"https:\/\/www.europesays.com\/se\/wp-json\/wp\/v2\/posts\/112060","targetHints":{"allow":["GET"]}}],"collection":[{"href":"https:\/\/www.europesays.com\/se\/wp-json\/wp\/v2\/posts"}],"about":[{"href":"https:\/\/www.europesays.com\/se\/wp-json\/wp\/v2\/types\/post"}],"author":[{"embeddable":true,"href":"https:\/\/www.europesays.com\/se\/wp-json\/wp\/v2\/users\/2"}],"replies":[{"embeddable":true,"href":"https:\/\/www.europesays.com\/se\/wp-json\/wp\/v2\/comments?post=112060"}],"version-history":[{"count":0,"href":"https:\/\/www.europesays.com\/se\/wp-json\/wp\/v2\/posts\/112060\/revisions"}],"wp:featuredmedia":[{"embeddable":true,"href":"https:\/\/www.europesays.com\/se\/wp-json\/wp\/v2\/media\/112061"}],"wp:attachment":[{"href":"https:\/\/www.europesays.com\/se\/wp-json\/wp\/v2\/media?parent=112060"}],"wp:term":[{"taxonomy":"category","embeddable":true,"href":"https:\/\/www.europesays.com\/se\/wp-json\/wp\/v2\/categories?post=112060"},{"taxonomy":"post_tag","embeddable":true,"href":"https:\/\/www.europesays.com\/se\/wp-json\/wp\/v2\/tags?post=112060"}],"curies":[{"name":"wp","href":"https:\/\/api.w.org\/{rel}","templated":true}]}}