{"id":112066,"date":"2025-12-20T14:33:31","date_gmt":"2025-12-20T14:33:31","guid":{"rendered":"https:\/\/www.europesays.com\/se\/112066\/"},"modified":"2025-12-20T14:33:31","modified_gmt":"2025-12-20T14:33:31","slug":"russell-brands-kanga-till-katy-perry-och-justin-trudeau","status":"publish","type":"post","link":"https:\/\/www.europesays.com\/se\/112066\/","title":{"rendered":"Russell Brands k\u00e4nga till Katy Perry och Justin Trudeau"},"content":{"rendered":"<p>Publicerad 20 dec 2025 kl 15.10<\/p>\n<p>Katy Perry och Justin Trudeau \u00e4r ett par \u2013\u00a0och det uppskattas inte av artistens exman Russell Brand, skriver <a href=\"https:\/\/www.dailymail.co.uk\/tvshowbiz\/article-15398373\/russell-brand-katy-perry-justin-trudeau.html\" rel=\"nofollow noopener\" target=\"_blank\">Daily Mail. <\/a>\u00a0<\/p>\n<p>Det blev tydligt n\u00e4r han talade p\u00e5 ett konservativt event tidigare i veckan.<\/p>\n<p>\u2013 Kom igen, mannen! S\u00e4tt mig inte i samma kategori som den snubben, sa komikern. \u00a0<\/p>\n<p>D\u00f6k upp p\u00e5 hennes konsert<img loading=\"lazy\"   alt=\"\"\/><\/p>\n<p>Under h\u00f6sten blev det k\u00e4nt att Katy Perry och Justin Trudeau \u00e4r ett par.<\/p>\n<p>Foto: SHUTTERSTOCK \/ SHUTTERSTOCK EDITORIAL\/IBL<\/p>\n<p>\u00d6ppna bild i helsk\u00e4rm<img loading=\"lazy\"   alt=\"\"\/><\/p>\n<p>Det uppskattas inte av exmaken Russell Brand.<\/p>\n<p>Foto: WENN\/IBL<\/p>\n<p>\u00d6ppna bild i helsk\u00e4rm<img loading=\"lazy\"   alt=\"\"\/><\/p>\n<p>Katy Perry br\u00f6t sin f\u00f6rlovning med Orlando Bloom tidigare i \u00e5r.<\/p>\n<p>Foto: EVAN AGOSTINI \/ AP TT NYHETSBYR\u00c5N<\/p>\n<p>\u00d6ppna bild i helsk\u00e4rm<img loading=\"lazy\"   alt=\"\"\/><\/p>\n<p>Artisten Katy Perry.<\/p>\n<p>Foto: VICTORIO\/IMAGESPACE\/SHUTTERSTOC \/ SHUTTERSTOCK EDITORIAL\/IBL<\/p>\n<p>\u00d6ppna bild i helsk\u00e4rm<\/p>\n<p>Under h\u00f6sten blev det k\u00e4nt att v\u00e4rldsartisten Katy Perry, 41, tr\u00e4ffat k\u00e4rleken p\u00e5 nytt efter att hon och sk\u00e5despelaren Orlando Bloom, 48, brutit upp efter sex \u00e5r som f\u00f6rlovade.\u00a0<\/p>\n<p>Mannen hon inlett en relation med \u00e4r ingen mindre \u00e4n Kanadas tidigare premi\u00e4rminister Justin Trudeau, 53.<\/p>\n<p>Romansbeskedet har v\u00e4ckt reaktioner \u2013 inte minst hos Katy Perrys exmake <a href=\"https:\/\/www.expressen.se\/tagg\/person\/russell-brand\/\" class=\"\" rel=\"nofollow noopener\" target=\"_blank\">Russell Brand<\/a>, 50, som tidigare i veckan levererade en ordentlig k\u00e4nga till det nya k\u00e4rleksparet.\u00a0<\/p>\n<p>Sk\u00e5despelaren och komikern Russell Brand h\u00f6ll inte tillbaka n\u00e4r han talade under den Charlie Kirk-grundade organisationen Turning Point USA:s event i Phoenix p\u00e5 torsdagen.\u00a0<\/p>\n<p>\u2013 S\u00e5 h\u00e4r, Katy Perry, jag var gift med henne, jag \u00e4lskar henne fortfarande och jag \u00e4r glad att hennes mamma \u00e4r i rummet och h\u00f6r mig s\u00e4ga det h\u00e4r, men s\u00e5 h\u00e4r &#8230;, inledde han.<\/p>\n<p>\u2013 Jag var okej med Orlando Bloom, men Justin Trudeau? Kom igen, mannen! S\u00e4tt mig inte i samma kategori som den snubben, sa han vidare.\u00a0<\/p>\n<p>Politiska v\u00e4rderingarna g\u00e5r is\u00e4r<\/p>\n<p>Russell Brand och Katy Perry f\u00f6rlovade sig i januari 2010 efter att ha dejtat i bara fyra m\u00e5nader. I oktober samma \u00e5r gifte de sig i Indien.\u00a0<\/p>\n<p>Men \u00e4ktenskapet blev inte l\u00e5ngvarigt och i december 2011 kom beskedet att paret best\u00e4mt sig f\u00f6r att g\u00e5 skilda v\u00e4gar.<\/p>\n<p>Russell Brand har sedan dess blivit allt mer h\u00f6gerorienterad i sina politiska v\u00e4rderingar. Under 2023 deltog han bland annat i kampanjevenemang f\u00f6r presidentkandidaten Robert F. Kennedy Jr. som han ocks\u00e5 gav sitt officiella st\u00f6d till. Han upptr\u00e4dde ocks\u00e5 p\u00e5 Republikanernas nationella konvent det \u00e5ret.\u00a0<\/p>\n<p>Till skillnad fr\u00e5n Brand s\u00e5 har Justin Trudeau socialliberala \u00e5sikter och var premi\u00e4rminister f\u00f6r Kanadas liberala parti fram till att han avgick tidigare i \u00e5r.<\/p>\n","protected":false},"excerpt":{"rendered":"Publicerad 20 dec 2025 kl 15.10 Katy Perry och Justin Trudeau \u00e4r ett par \u2013\u00a0och det uppskattas inte&hellip;\n","protected":false},"author":2,"featured_media":112067,"comment_status":"","ping_status":"","sticky":false,"template":"","format":"standard","meta":{"footnotes":""},"categories":[67],"tags":[104,5194,507,12323,34,31,33,32,30,402,310,547,109,105],"class_list":{"0":"post-112066","1":"post","2":"type-post","3":"status-publish","4":"format-standard","5":"has-post-thumbnail","7":"category-underhallning","8":"tag-entertainment","9":"tag-person-justin-trudeau","10":"tag-person-katy-perry","11":"tag-person-russell-brand","12":"tag-se","13":"tag-svenska","14":"tag-sverige","15":"tag-sweden","16":"tag-swedish","17":"tag-topic-artister","18":"tag-topic-kandisar","19":"tag-topic-karlek-relationer","20":"tag-topic-skadespelare","21":"tag-underhallning"},"share_on_mastodon":{"url":"https:\/\/pubeurope.com\/@se\/115752390075723464","error":""},"_links":{"self":[{"href":"https:\/\/www.europesays.com\/se\/wp-json\/wp\/v2\/posts\/112066","targetHints":{"allow":["GET"]}}],"collection":[{"href":"https:\/\/www.europesays.com\/se\/wp-json\/wp\/v2\/posts"}],"about":[{"href":"https:\/\/www.europesays.com\/se\/wp-json\/wp\/v2\/types\/post"}],"author":[{"embeddable":true,"href":"https:\/\/www.europesays.com\/se\/wp-json\/wp\/v2\/users\/2"}],"replies":[{"embeddable":true,"href":"https:\/\/www.europesays.com\/se\/wp-json\/wp\/v2\/comments?post=112066"}],"version-history":[{"count":0,"href":"https:\/\/www.europesays.com\/se\/wp-json\/wp\/v2\/posts\/112066\/revisions"}],"wp:featuredmedia":[{"embeddable":true,"href":"https:\/\/www.europesays.com\/se\/wp-json\/wp\/v2\/media\/112067"}],"wp:attachment":[{"href":"https:\/\/www.europesays.com\/se\/wp-json\/wp\/v2\/media?parent=112066"}],"wp:term":[{"taxonomy":"category","embeddable":true,"href":"https:\/\/www.europesays.com\/se\/wp-json\/wp\/v2\/categories?post=112066"},{"taxonomy":"post_tag","embeddable":true,"href":"https:\/\/www.europesays.com\/se\/wp-json\/wp\/v2\/tags?post=112066"}],"curies":[{"name":"wp","href":"https:\/\/api.w.org\/{rel}","templated":true}]}}