{"id":112070,"date":"2025-12-20T14:37:16","date_gmt":"2025-12-20T14:37:16","guid":{"rendered":"https:\/\/www.europesays.com\/se\/112070\/"},"modified":"2025-12-20T14:37:16","modified_gmt":"2025-12-20T14:37:16","slug":"skr-sager-nej-till-aterkallande-av-uppehallstillstand","status":"publish","type":"post","link":"https:\/\/www.europesays.com\/se\/112070\/","title":{"rendered":"SKR s\u00e4ger nej till \u00e5terkallande av uppeh\u00e5llstillst\u00e5nd"},"content":{"rendered":"<p class=\"normal\">Idag har SKR:s styrelse beslutat om ett yttrande p\u00e5 utredningen \u00c4ndring av permanent uppeh\u00e5llstillst\u00e5nd f\u00f6r vissa utl\u00e4nningar (SOU 2025:99). Utredningen f\u00f6resl\u00e5r att det inf\u00f6rs en s\u00e4rskild lag om \u00e5terkallelse av permanent uppeh\u00e5llstillst\u00e5nd. SKR menar att f\u00f6rslagen f\u00e5r omfattande och oproportionerliga konsekvenser.<\/p>\n<p class=\"normal\">\u2013 Vi vill s\u00e5klart ocks\u00e5 att fler personer v\u00e4ljer att bli svenska medborgare. Men vi tror inte att v\u00e4gen dit \u00e4r att \u00e5terkalla permanenta uppeh\u00e5llstillst\u00e5nd. Det h\u00e4r handlar om barn, vuxna och familjer, kommuninv\u00e5nare, som har etablerat sig i Sverige. Att dra tillbaka deras uppeh\u00e5llstillst\u00e5nd skapar oro i samh\u00e4llet, s\u00e4ger <strong>Anders Henriksson<\/strong>, ordf\u00f6rande Sveriges Kommuner och Regioner (SKR).<\/p>\n<p class=\"normal\">Det \u00e4r oklart om de, upp till 185 000 personer som ber\u00f6rs av detta, kan uppfylla villkoren f\u00f6r medborgarskap eller nytt uppeh\u00e5llstillst\u00e5nd.<\/p>\n<p>Stora konsekvenser \u00e4ven f\u00f6r kommuner och regioner<\/p>\n<p class=\"normal\">Till skillnad fr\u00e5n vad utredningen kommit fram till, menar SKR att f\u00f6rslagen skulle f\u00e5 stor p\u00e5verkan p\u00e5 kommuners och regioners uppdrag och verksamheter. Bland annat skulle det p\u00e5verka kompetensf\u00f6rs\u00f6rjningen.<\/p>\n<p class=\"normal\">\u2013 Det handlar om medarbetare, kollegor och v\u00e4nner som riskerar att inte f\u00e5 vara kvar i landet, och m\u00e5nga som skulle kunna bli det. Vi beh\u00f6ver fler som vill g\u00f6ra en insats i v\u00e4lf\u00e4rden, inte f\u00e4rre, s\u00e4ger Anders Henriksson<\/p>\n<p class=\"normal\">SKR ser ocks\u00e5 risker i form av minskad tilltro till r\u00e4ttssamh\u00e4llet och risk f\u00f6r \u00f6kat utanf\u00f6rskap \u2013 d\u00e5 f\u00f6ruts\u00e4ttningarna f\u00f6r kommunala insatser f\u00f6r integration f\u00f6rs\u00e4mras.<\/p>\n<p>Ber\u00e4kning p\u00e5 2 miljarder \u00e4r i underkant<\/p>\n<p class=\"normal\">Utredningen uppskattar de administrativa kostnaderna f\u00f6r att \u00e5terkalla och ompr\u00f6va uppeh\u00e5llstillst\u00e5nd till minst tv\u00e5 miljarder kronor. D\u00e5 har inte konsekvenserna och kostnaderna f\u00f6r lokalsamh\u00e4llet, kompetensf\u00f6rs\u00f6rjningen och v\u00e4lf\u00e4rden ber\u00e4knats.<\/p>\n<p class=\"normal\">\u2013 Det finns en bred samst\u00e4mmighet om att det finns stora integrationsutmaningar i Sverige. F\u00f6r att komma \u00e5t det beh\u00f6ver resurserna l\u00e4ggas d\u00e4r de g\u00f6r skillnad p\u00e5 riktigt, utbildning, st\u00f6d f\u00f6r att komma i jobb samt insatser f\u00f6r att bryta utanf\u00f6rskap och fr\u00e4mja integration, s\u00e4ger Anders Henriksson.<\/p>\n<p class=\"normal\">SKR anser att det \u00e4r angel\u00e4get att regeringen genomf\u00f6r och presenterar en samlad och bredare konsekvensanalys i den fortsatta beredningen av olika aktuella migrationspolitiska f\u00f6rslag.<\/p>\n","protected":false},"excerpt":{"rendered":"Idag har SKR:s styrelse beslutat om ett yttrande p\u00e5 utredningen \u00c4ndring av permanent uppeh\u00e5llstillst\u00e5nd f\u00f6r vissa utl\u00e4nningar (SOU&hellip;\n","protected":false},"author":2,"featured_media":79794,"comment_status":"","ping_status":"","sticky":false,"template":"","format":"standard","meta":{"footnotes":""},"categories":[12],"tags":[22,23,26,27,17,21,24,25,28,29,15,16,18,34,31,33,32,30,19,20],"class_list":{"0":"post-112070","1":"post","2":"type-post","3":"status-publish","4":"format-standard","5":"has-post-thumbnail","7":"category-sverige","8":"tag-breaking-news","9":"tag-breakingnews","10":"tag-featured-news","11":"tag-featurednews","12":"tag-headlines","13":"tag-huvudnyheter","14":"tag-latest-news","15":"tag-latestnews","16":"tag-main-news","17":"tag-mainnews","18":"tag-news","19":"tag-nyheter","20":"tag-rubriker","21":"tag-se","22":"tag-svenska","23":"tag-sverige","24":"tag-sweden","25":"tag-swedish","26":"tag-top-stories","27":"tag-topstories"},"share_on_mastodon":{"url":"https:\/\/pubeurope.com\/@se\/115752405984966672","error":""},"_links":{"self":[{"href":"https:\/\/www.europesays.com\/se\/wp-json\/wp\/v2\/posts\/112070","targetHints":{"allow":["GET"]}}],"collection":[{"href":"https:\/\/www.europesays.com\/se\/wp-json\/wp\/v2\/posts"}],"about":[{"href":"https:\/\/www.europesays.com\/se\/wp-json\/wp\/v2\/types\/post"}],"author":[{"embeddable":true,"href":"https:\/\/www.europesays.com\/se\/wp-json\/wp\/v2\/users\/2"}],"replies":[{"embeddable":true,"href":"https:\/\/www.europesays.com\/se\/wp-json\/wp\/v2\/comments?post=112070"}],"version-history":[{"count":0,"href":"https:\/\/www.europesays.com\/se\/wp-json\/wp\/v2\/posts\/112070\/revisions"}],"wp:featuredmedia":[{"embeddable":true,"href":"https:\/\/www.europesays.com\/se\/wp-json\/wp\/v2\/media\/79794"}],"wp:attachment":[{"href":"https:\/\/www.europesays.com\/se\/wp-json\/wp\/v2\/media?parent=112070"}],"wp:term":[{"taxonomy":"category","embeddable":true,"href":"https:\/\/www.europesays.com\/se\/wp-json\/wp\/v2\/categories?post=112070"},{"taxonomy":"post_tag","embeddable":true,"href":"https:\/\/www.europesays.com\/se\/wp-json\/wp\/v2\/tags?post=112070"}],"curies":[{"name":"wp","href":"https:\/\/api.w.org\/{rel}","templated":true}]}}