{"id":112071,"date":"2025-12-20T14:38:13","date_gmt":"2025-12-20T14:38:13","guid":{"rendered":"https:\/\/www.europesays.com\/se\/112071\/"},"modified":"2025-12-20T14:38:13","modified_gmt":"2025-12-20T14:38:13","slug":"usas-hamndattacker-okar-minst-550-i-ar","status":"publish","type":"post","link":"https:\/\/www.europesays.com\/se\/112071\/","title":{"rendered":"USA:s \u201dh\u00e4mndattacker\u201d \u00f6kar \u2013 minst 550 i \u00e5r"},"content":{"rendered":"<p>\n                    Israel \u00e4r enligt Airwars statistik f\u00f6r 2025 det land i v\u00e4rlden som ligger bakom flest verifierade flyganfall d\u00e4r civila uppges ha drabbats. Enligt organisationen handlar det om minst 399 rapporterade incidenter i Gaza och Libanon fram till december. Bilden: M\u00e4nniskor samlas vid en anl\u00e4ggning d\u00e4r tunga fordon f\u00f6rst\u00f6rdes i israeliska flyganfall i byn Msayleh i s\u00f6dra Libanon. Bilden togs i oktober 2025 Foto: Mohammed Zaatari\/AP\/TT\n            <\/p>\n<p class=\"article__sublead\"><strong>\u201dJag tillk\u00e4nnager [h\u00e4rmed] att USA, precis som jag lovade, genomf\u00f6r mycket kraftfulla vederg\u00e4llnings\u00e5tg\u00e4rder mot de m\u00f6rdande terrorister\u201d,<\/strong> <a href=\"https:\/\/truthsocial.com\/@realDonaldTrump\/posts\/115748701721247530\" data-type=\"link\" data-id=\"https:\/\/truthsocial.com\/@realDonaldTrump\/posts\/115748701721247530\" rel=\"nofollow noopener\" target=\"_blank\">uppgav<\/a> USA:s president Donald Trump efter g\u00e5rdagens massiva amerikanska flyganfall mot IS-m\u00e5l i Syrien.<\/p>\n<p class=\"article__paragraph\">I ett <a href=\"https:\/\/www.310sw.afrc.af.mil\/News\/Article-Display\/Article\/4365832\/centcom-launches-operation-hawkeye-strike-against-isis-in-syria\/\" target=\"_blank\" rel=\"noopener nofollow\">uttalande<\/a> uppger U.S. Central Command (CENTCOM) att USA har genomf\u00f6rt ett omfattande flyganfall mot omkring 70 IS-m\u00e5l i Syrien. Enligt det amerikanska milit\u00e4rkommandot riktades attackerna mot bland annat vapenlager, ledningscentraler och tr\u00e4ningsanl\u00e4ggningar kopplade till terrorgruppen Islamiska staten.<\/p>\n<p class=\"article__paragraph\">CENTCOM uppger att flyganfallen genomf\u00f6rdes med stridsflyg och precisionsstyrda vapen, med syftet att \u201df\u00f6rsvaga IS f\u00f6rm\u00e5ga att planera och genomf\u00f6ra attacker\u201d. N\u00e5gra uppgifter om civila d\u00f6dsoffer eller om skadornas omfattning har inte l\u00e4mnats.<\/p>\n<p class=\"article__paragraph\">USA har sedan flera \u00e5r milit\u00e4r n\u00e4rvaro i Syrien som en del av den internationella koalitionen, Global Coalition to Defeat ISIS, mot IS. De senaste flyganfallen beskrivs som en forts\u00e4ttning p\u00e5 dessa insatser. Syrien sedan november 2025 medlem koalitionen mot IS, efter att Syrien under Ahmed al-Sharaa ansl\u00f6t sig som <a href=\"https:\/\/omni.se\/syrien-och-usa-ska-kampa-mot-is-tillsammans\/a\/nyknXB\" target=\"_blank\" rel=\"noopener nofollow\">90:e medlem<\/a>.<\/p>\n<p class=\"article__paragraph\">USA:s krigsminister Pete Hegseth uppgav, enligt nyhetsbyr\u00e5n <a href=\"https:\/\/www.reuters.com\/world\/middle-east\/us-strikes-islamic-state-targets-syria-new-york-times-reports-2025-12-19\/\" target=\"_blank\" rel=\"noopener nofollow\">Reuters<\/a>, att flyganfallen riktades mot IS-krigare, infrastruktur och vapendep\u00e5er, och att insatsen genomf\u00f6rdes under namnet Operation Hawkeye Strike. \u00a0<\/p>\n<p class=\"article__paragraph\">\u201dDetta \u00e4r inte b\u00f6rjan p\u00e5 ett krig \u2013 det \u00e4r en h\u00e4mnd deklaration\u201d [a declaration of vengeance], sade Hegseth. Och krigsministern fortsatte, enligt Reuters:<\/p>\n<p class=\"article__paragraph\">\u201dI dag jagade vi och d\u00f6dade v\u00e5ra fiender. M\u00e5nga av dem. Och vi kommer att forts\u00e4tta\u201d.<\/p>\n<blockquote class=\"twitter-tweet\">\n<p class=\"article__paragraph\" lang=\"en\" dir=\"ltr\">\n    Earlier today, U.S. forces commenced OPERATION HAWKEYE STRIKE in Syria to eliminate ISIS fighters, infrastructure, and weapons sites in direct response to the attack on U.S. forces that occurred on December 13th in Palmyra, Syria.\n    <\/p>\n<p>This is not the beginning of a war \u2014 it is a declaration of vengeance.\n  <\/p>\n<p>  \u2014 Secretary of War Pete Hegseth (@SecWar)<br \/>\n  <a href=\"https:\/\/twitter.com\/SecWar\/status\/2002140737060692098\" target=\"_blank\" rel=\"noopener nofollow\">December 19, 2025<\/a>\n<\/p><\/blockquote>\n<p>Kort om \u201d<strong>Operation Hawkeye Strike<\/strong>\u201d<\/p>\n<ul class=\"wp-block-list\">\n<li><strong>Namn:<\/strong> Operation Hawkeye Strike<\/li>\n<li><strong>Genomf\u00f6rd av:<\/strong> USA:s milit\u00e4r under <strong>U.S. Central Command (CENTCOM)<\/strong><\/li>\n<li><strong>Omfattning:<\/strong> cirka <strong>70 IS-m\u00e5l<\/strong> i Syrien<\/li>\n<li><strong>Syfte (enligt CENTCOM):<\/strong> att f\u00f6rsvaga IS f\u00f6rm\u00e5ga att planera och genomf\u00f6ra attacker<\/li>\n<li><strong>Karakt\u00e4r:<\/strong> flyganfall med stridsflyg och precisionsstyrda vapen<\/li>\n<\/ul>\n<p><strong><strong>CENTCOM<\/strong><\/strong>.<\/p>\n<p><strong>Antalet amerikanska attacker utomlands \u00f6kar<\/strong><\/p>\n<p class=\"article__paragraph\">Under 2025 syns en tydlig upptrappning av de amerikanska attackerna under Donald Trump, d\u00e4r uppskattningsvis mellan 450 till \u00f6ver 750 civila d\u00f6dats \u2013 i k\u00e4nda insatser, enligt sammanst\u00e4llningar fr\u00e5n <a href=\"https:\/\/airwars.org\/belligerent\/us-forces\/?post_type=civ\" data-type=\"link\" data-id=\"https:\/\/airwars.org\/belligerent\/us-forces\/?post_type=civ\" target=\"_blank\" rel=\"noopener nofollow\">Airwars<\/a> och uppgifter fr\u00e5n CENTCOM.<\/p>\n<p class=\"article__paragraph\">Enligt Airwars databas har i \u00e5r, fram till den 20 december, 87 attacker \u201dincidenter\u201d \u00e4gt rum d\u00e4r civilia offer bed\u00f6ms fallit offer. Motsvarande siffra f\u00f6rra \u00e5ret, 1 januari 2024 till 20 december 2024, hade 26 attacker\/incidenter \u00e4gt rum d\u00e4r civilia offer bed\u00f6ms fallit offer. <\/p>\n<p><img decoding=\"async\" src=\"https:\/\/www.europesays.com\/se\/wp-content\/uploads\/2025\/12\/airwars.png\" class=\"article__figure-image lazyload\"\/>Airwars databas g\u00f6r det m\u00f6jligt att s\u00f6ka b\u00e5de p\u00e5 angripande part och p\u00e5 enskilda offer. <\/p>\n<p>                    <script async src=\"https:\/\/platform.twitter.com\/widgets.js\" charset=\"utf-8\"><\/script><\/p>\n","protected":false},"excerpt":{"rendered":"Israel \u00e4r enligt Airwars statistik f\u00f6r 2025 det land i v\u00e4rlden som ligger bakom flest verifierade flyganfall d\u00e4r&hellip;\n","protected":false},"author":2,"featured_media":112072,"comment_status":"","ping_status":"","sticky":false,"template":"","format":"standard","meta":{"footnotes":""},"categories":[5],"tags":[22,23,26,27,17,21,24,25,28,29,15,16,18,34,31,33,32,30,19,20],"class_list":{"0":"post-112071","1":"post","2":"type-post","3":"status-publish","4":"format-standard","5":"has-post-thumbnail","7":"category-rubriker","8":"tag-breaking-news","9":"tag-breakingnews","10":"tag-featured-news","11":"tag-featurednews","12":"tag-headlines","13":"tag-huvudnyheter","14":"tag-latest-news","15":"tag-latestnews","16":"tag-main-news","17":"tag-mainnews","18":"tag-news","19":"tag-nyheter","20":"tag-rubriker","21":"tag-se","22":"tag-svenska","23":"tag-sverige","24":"tag-sweden","25":"tag-swedish","26":"tag-top-stories","27":"tag-topstories"},"share_on_mastodon":{"url":"https:\/\/pubeurope.com\/@se\/115752409905946796","error":""},"_links":{"self":[{"href":"https:\/\/www.europesays.com\/se\/wp-json\/wp\/v2\/posts\/112071","targetHints":{"allow":["GET"]}}],"collection":[{"href":"https:\/\/www.europesays.com\/se\/wp-json\/wp\/v2\/posts"}],"about":[{"href":"https:\/\/www.europesays.com\/se\/wp-json\/wp\/v2\/types\/post"}],"author":[{"embeddable":true,"href":"https:\/\/www.europesays.com\/se\/wp-json\/wp\/v2\/users\/2"}],"replies":[{"embeddable":true,"href":"https:\/\/www.europesays.com\/se\/wp-json\/wp\/v2\/comments?post=112071"}],"version-history":[{"count":0,"href":"https:\/\/www.europesays.com\/se\/wp-json\/wp\/v2\/posts\/112071\/revisions"}],"wp:featuredmedia":[{"embeddable":true,"href":"https:\/\/www.europesays.com\/se\/wp-json\/wp\/v2\/media\/112072"}],"wp:attachment":[{"href":"https:\/\/www.europesays.com\/se\/wp-json\/wp\/v2\/media?parent=112071"}],"wp:term":[{"taxonomy":"category","embeddable":true,"href":"https:\/\/www.europesays.com\/se\/wp-json\/wp\/v2\/categories?post=112071"},{"taxonomy":"post_tag","embeddable":true,"href":"https:\/\/www.europesays.com\/se\/wp-json\/wp\/v2\/tags?post=112071"}],"curies":[{"name":"wp","href":"https:\/\/api.w.org\/{rel}","templated":true}]}}