{"id":112111,"date":"2025-12-20T15:28:12","date_gmt":"2025-12-20T15:28:12","guid":{"rendered":"https:\/\/www.europesays.com\/se\/112111\/"},"modified":"2025-12-20T15:28:12","modified_gmt":"2025-12-20T15:28:12","slug":"sebastian-samuelssons-mardrom-tre-bom-direkt-skidskytte","status":"publish","type":"post","link":"https:\/\/www.europesays.com\/se\/112111\/","title":{"rendered":"Sebastian Samuelssons mardr\u00f6m \u2013 tre bom direkt | Skidskytte"},"content":{"rendered":"<p>Publicerad 20 dec 2025 kl 14.57Uppdaterad kl 16.06<\/p>\n<p>Sebastian Samuelsson fick en mardr\u00f6msstart i jaktstarten.\u00a0<\/p>\n<p>Det blev sedan \u00f6desdigert i jakten p\u00e5 framskjutna placeringar i Annecy.\u00a0<\/p>\n<p>\u2013 Det g\u00e5r inte att f\u00f6rklara, helt galet. Jag blev chockad, s\u00e4ger skyttetr\u00e4naren Jean-Marc Chabloz.<\/p>\n<p><img   alt=\"\"\/> <\/p>\n<p>Foto: RICHARD MERLEN\/DPPI\/SHUTTERSTOCK \/ SHUTTERSTOCK EDITORIAL\/IBL<\/p>\n<p>\u00d6ppna bild i helsk\u00e4rm<\/p>\n<p><a href=\"https:\/\/www.expressen.se\/tagg\/person\/sebastian-samuelsson\/\" class=\"\" rel=\"nofollow noopener\" target=\"_blank\">Sebastian Samuelsson<\/a> gick ut som sexa i jaktstarten i Annecy. D\u00e5 blev det skyttehaveri direkt f\u00f6r svensken n\u00e4r han inledde med tre raka bom i det f\u00f6rsta liggande skyttet. N\u00e5got som f\u00f6rv\u00e5nade alla.\u00a0<\/p>\n<p>\u2013 Vad \u00e4r det som h\u00e4nder? s\u00e4ger SVT:s kommentator Ola Br\u00e4nholm.<\/p>\n<p>\u2013 Det g\u00e5r inte att f\u00f6rklara, helt galet. Jag blev chockad, s\u00e4ger skyttetr\u00e4naren Jean-Marc Chabloz i SVT:s s\u00e4ndning.<\/p>\n<p>\u2013 Det var tr\u00e5kigt s\u00e5 klart. Jag blir stressad f\u00f6r att jag b\u00f6rjar bomma. Det finns ingen anledning till att jag bommade, s\u00e5 det var ju d\u00e5ligt. Jag m\u00e5ste ha varit mer stressad \u00e4n vad jag k\u00e4nde mig, summerar Samuelsson sin f\u00f6rsta skytteinsats.<\/p>\n<p>Martin Ponsiluoma gick ut placeringen bakom Samuelsson, och sk\u00f6t fullt i f\u00f6rsta liggande, men i det andra liggande drog han p\u00e5 sig en straffrunda.<\/p>\n<p><img loading=\"lazy\"   alt=\"\"\/><\/p>\n<p>Jean-Marc Chabloz.<\/p>\n<p>Foto: MATHIAS BERGELD \/ BILDBYR\u00c5N<\/p>\n<p>\u00d6ppna bild i helsk\u00e4rmAvslutade starkt<\/p>\n<p>Samuelsson snyggade till sina siffror i andra och tredje skyttet, samtidigt som Ponsiluoma bommade dubbelt i tredje skyttet.<\/p>\n<p>Sedan gav de sig sj\u00e4lva chansen. Detta genom att skjuta fullt i fj\u00e4rde skyttet, d\u00e4r de gick ut som sexa respektive sjua.<\/p>\n<p>Efter en stark avslutning slutade Samuelsson femma och Ponsiluoma sexa.<\/p>\n<p>\u2013 Jag \u00e4r glad hur jag v\u00e4nder loppet, jag \u00e5ker bra skidor. F\u00e5r jag bara ihop helheten lite b\u00e4ttre kommer det se roligare ut, s\u00e4ger Samuelsson.<\/p>\n<p>Vann gjorde Johan-Olov Botn (Norge), f\u00f6re Emilien Jacquelin (Frankrike) och Johannes Dale-Skjevdal (Norge).<\/p>\n<p><strong>L\u00c4S MER: <\/strong><a href=\"https:\/\/www.expressen.se\/sport\/skidskytte\/kant-ut-ponsiluoma-ryter-ifran-efter-fragan-\/\" class=\"premium-link\" rel=\"nofollow noopener\" target=\"_blank\">Premium KANT UT: Ponsiluoma ryter ifr\u00e5n efter fr\u00e5gan<\/a><\/p>\n","protected":false},"excerpt":{"rendered":"Publicerad 20 dec 2025 kl 14.57Uppdaterad kl 16.06 Sebastian Samuelsson fick en mardr\u00f6msstart i jaktstarten.\u00a0 Det blev sedan&hellip;\n","protected":false},"author":2,"featured_media":112112,"comment_status":"","ping_status":"","sticky":false,"template":"","format":"standard","meta":{"footnotes":""},"categories":[68],"tags":[5872,34,945,111,110,31,33,32,30],"class_list":{"0":"post-112111","1":"post","2":"type-post","3":"status-publish","4":"format-standard","5":"has-post-thumbnail","7":"category-sport","8":"tag-person-sebastian-samuelsson","9":"tag-se","10":"tag-sections-skidskytte","11":"tag-sport","12":"tag-sports","13":"tag-svenska","14":"tag-sverige","15":"tag-sweden","16":"tag-swedish"},"share_on_mastodon":{"url":"https:\/\/pubeurope.com\/@se\/115752606542449731","error":""},"_links":{"self":[{"href":"https:\/\/www.europesays.com\/se\/wp-json\/wp\/v2\/posts\/112111","targetHints":{"allow":["GET"]}}],"collection":[{"href":"https:\/\/www.europesays.com\/se\/wp-json\/wp\/v2\/posts"}],"about":[{"href":"https:\/\/www.europesays.com\/se\/wp-json\/wp\/v2\/types\/post"}],"author":[{"embeddable":true,"href":"https:\/\/www.europesays.com\/se\/wp-json\/wp\/v2\/users\/2"}],"replies":[{"embeddable":true,"href":"https:\/\/www.europesays.com\/se\/wp-json\/wp\/v2\/comments?post=112111"}],"version-history":[{"count":0,"href":"https:\/\/www.europesays.com\/se\/wp-json\/wp\/v2\/posts\/112111\/revisions"}],"wp:featuredmedia":[{"embeddable":true,"href":"https:\/\/www.europesays.com\/se\/wp-json\/wp\/v2\/media\/112112"}],"wp:attachment":[{"href":"https:\/\/www.europesays.com\/se\/wp-json\/wp\/v2\/media?parent=112111"}],"wp:term":[{"taxonomy":"category","embeddable":true,"href":"https:\/\/www.europesays.com\/se\/wp-json\/wp\/v2\/categories?post=112111"},{"taxonomy":"post_tag","embeddable":true,"href":"https:\/\/www.europesays.com\/se\/wp-json\/wp\/v2\/tags?post=112111"}],"curies":[{"name":"wp","href":"https:\/\/api.w.org\/{rel}","templated":true}]}}