{"id":112123,"date":"2025-12-20T15:42:15","date_gmt":"2025-12-20T15:42:15","guid":{"rendered":"https:\/\/www.europesays.com\/se\/112123\/"},"modified":"2025-12-20T15:42:15","modified_gmt":"2025-12-20T15:42:15","slug":"uppdrag-till-kammarkollegiet-att-betala-ut-medel-i-enlighet-med-tillaggsoverenskommelsen-mellan-staten-och-sveriges-kommuner-och-regioner-om-strategiska-insatser-inom-omradet-psykisk-halsa-och-suicidp","status":"publish","type":"post","link":"https:\/\/www.europesays.com\/se\/112123\/","title":{"rendered":"Uppdrag till Kammarkollegiet att betala ut medel i enlighet med till\u00e4ggs\u00f6verenskommelsen mellan staten och Sveriges Kommuner och Regioner om strategiska insatser inom omr\u00e5det psykisk h\u00e4lsa och suicidprevention 2026 &#8211; Regeringen.se"},"content":{"rendered":"<ol>\n<li><a href=\"https:\/\/news.google.com\/rss\/articles\/CBMi_wJBVV95cUxQcVZjUU51aW9wQWNmNW12dW52TzN6OTQ3Y0VjV3RCLXJMMmo1amFWVTJJdkpYWjV3elEybjEwem9USzFvdHJRZk1WZUVFcUV5Ykl5UFBZLW0yeWd2SGJ2cEV4cGZ5RnNhTW1yaG02WWtEYURnOWFBNDl2UFZfalBTcU1MOFNQb2xnczBsb21FMm1hYmFLQ2U1VU1majhIQnp2M3c0QTNrUWNSNWdQUFVITEI3TDRsYVNhZWljOUJ3TG85ZmZGcHdDanVBYm4yMHJXaklybHkyTTlFZ1NOWEVlV1ZIZGdRRHVwTlRGMGhqVmJNTmRvNXloWW1DZ19TMTZoOE1SbHkteTE3Vk9jSjVhUWFUVlVHZG9JY0pXcnNRUU5XaGxZc1dtdVBCSHZGQ3BuUDJVT2kzSTdsSGIwOHBRWW1ZaDFnWEV3TnFfUVpKYnVIWkZnX096S0MyWVVVRVppSUsxVlZuQ0NZZjlFSHZOdHhPT2pMVnVra0lQY0puWQ?oc=5\" target=\"_blank\" rel=\"nofollow noopener\">Uppdrag till Kammarkollegiet att betala ut medel i enlighet med till\u00e4ggs\u00f6verenskommelsen mellan staten och Sveriges Kommuner och Regioner om strategiska insatser inom omr\u00e5det psykisk h\u00e4lsa och suicidprevention 2026<\/a>&nbsp;&nbsp;Regeringen.se<\/li>\n<li><a href=\"https:\/\/news.google.com\/rss\/articles\/CBMi3gFBVV95cUxQRklQXzNKS3BMUUNIdi1wcmh3Z3lzSGZEWjEzX2o3OE5vUXl1WTZ1bkZCTVFzOUEtZkNZLWpZaGRINEJ5YWtvbDJNX0hZR080bENxbWFYNFV6aWJxT0tGSV9yNXpXbG8yRldtdVotRXZrLTBJRlAwXzZuNHF6X1djZ3REYU9TZDVmejZ2MmZKbEpwYVZwOVJkNXhEX0NBUDlXa2pVb2pyUWFqTXE0TkctY0dxTGpwZHFhNVRrYzlTbml6UEN6NG1QTEt1eW1FOXRSbXlpZkVObEF5RWJaR3c?oc=5\" target=\"_blank\" rel=\"nofollow noopener\">L\u00e4kemedelsverket redovisar framsteg inom psykisk h\u00e4lsa och suicidprevention<\/a>&nbsp;&nbsp;Via TT<\/li>\n<li><a href=\"https:\/\/news.google.com\/rss\/articles\/CBMib0FVX3lxTE5ZQVpfQ0tuQzZ4cER1a20wMVlVZXgzV052YUhudVVHSmFxamttTmJ1a0FaZUVoakpnNS1GZ1R2eURGQVdKbWl5dm5XYUU3T2NwTjFkazNmNFBxVFdNTDEyaG91aE1iLW43QXZvYTdkMA?oc=5\" target=\"_blank\" rel=\"nofollow noopener\">Den psykiska h\u00e4lsan ska st\u00e4rkas<\/a>&nbsp;&nbsp;\u00d6rebronyheter<\/li>\n<\/ol>\n","protected":false},"excerpt":{"rendered":"Uppdrag till Kammarkollegiet att betala ut medel i enlighet med till\u00e4ggs\u00f6verenskommelsen mellan staten och Sveriges Kommuner och Regioner&hellip;\n","protected":false},"author":2,"featured_media":1096,"comment_status":"","ping_status":"","sticky":false,"template":"","format":"standard","meta":{"footnotes":""},"categories":[5],"tags":[22,23,26,27,17,21,24,25,28,29,15,16,18,34,31,33,32,30,19,20],"class_list":{"0":"post-112123","1":"post","2":"type-post","3":"status-publish","4":"format-standard","5":"has-post-thumbnail","7":"category-rubriker","8":"tag-breaking-news","9":"tag-breakingnews","10":"tag-featured-news","11":"tag-featurednews","12":"tag-headlines","13":"tag-huvudnyheter","14":"tag-latest-news","15":"tag-latestnews","16":"tag-main-news","17":"tag-mainnews","18":"tag-news","19":"tag-nyheter","20":"tag-rubriker","21":"tag-se","22":"tag-svenska","23":"tag-sverige","24":"tag-sweden","25":"tag-swedish","26":"tag-top-stories","27":"tag-topstories"},"share_on_mastodon":{"url":"https:\/\/pubeurope.com\/@se\/115752661355743825","error":""},"_links":{"self":[{"href":"https:\/\/www.europesays.com\/se\/wp-json\/wp\/v2\/posts\/112123","targetHints":{"allow":["GET"]}}],"collection":[{"href":"https:\/\/www.europesays.com\/se\/wp-json\/wp\/v2\/posts"}],"about":[{"href":"https:\/\/www.europesays.com\/se\/wp-json\/wp\/v2\/types\/post"}],"author":[{"embeddable":true,"href":"https:\/\/www.europesays.com\/se\/wp-json\/wp\/v2\/users\/2"}],"replies":[{"embeddable":true,"href":"https:\/\/www.europesays.com\/se\/wp-json\/wp\/v2\/comments?post=112123"}],"version-history":[{"count":0,"href":"https:\/\/www.europesays.com\/se\/wp-json\/wp\/v2\/posts\/112123\/revisions"}],"wp:featuredmedia":[{"embeddable":true,"href":"https:\/\/www.europesays.com\/se\/wp-json\/wp\/v2\/media\/1096"}],"wp:attachment":[{"href":"https:\/\/www.europesays.com\/se\/wp-json\/wp\/v2\/media?parent=112123"}],"wp:term":[{"taxonomy":"category","embeddable":true,"href":"https:\/\/www.europesays.com\/se\/wp-json\/wp\/v2\/categories?post=112123"},{"taxonomy":"post_tag","embeddable":true,"href":"https:\/\/www.europesays.com\/se\/wp-json\/wp\/v2\/tags?post=112123"}],"curies":[{"name":"wp","href":"https:\/\/api.w.org\/{rel}","templated":true}]}}