{"id":112132,"date":"2025-12-20T15:58:09","date_gmt":"2025-12-20T15:58:09","guid":{"rendered":"https:\/\/www.europesays.com\/se\/112132\/"},"modified":"2025-12-20T15:58:09","modified_gmt":"2025-12-20T15:58:09","slug":"times-trump-hade-krav-gallande-fifas-fredspris-fifa","status":"publish","type":"post","link":"https:\/\/www.europesays.com\/se\/112132\/","title":{"rendered":"Times: Trump hade krav g\u00e4llande Fifas fredspris &#8211; Fifa"},"content":{"rendered":"<p>Under uppm\u00e4rksammade former delade Fifa f\u00f6r f\u00f6rsta g\u00e5ngen ut ett fredspris, detta i samband med lottningen till VM 2026.<\/p>\n<p>B\u00e5de priset och priscermoinen m\u00f6tte kritik, d\u00e5 priset uppenbart var konstruerat och utformat specifikt f\u00f6r USA:s president Donald Trump. Samtidigt var det flera som uppfattade att Fifas president Gianni Infantino tog tydlig politisk st\u00e4llning i sitt anf\u00f6rande till USA:s president, d\u00e4r han bland annat sa:<\/p>\n<p>&#8211; Du kan alltid r\u00e4kna med mitt st\u00f6d och fotbollsgemenskapens st\u00f6d.<\/p>\n<p>Vidare ska f\u00e5 personer utanf\u00f6r Infantinos n\u00e4rmaste cirkel ens varit medvetna om att priset skulle instiftas i den demokratiska institutionen Fifa. <\/p>\n<p>Nu rapporterar The Times om detaljer fr\u00e5n f\u00f6rspelet till prisceremonin. Enligt tidningen ska Trump haft tydliga \u00f6nskem\u00e5l inf\u00f6r prisutdelningen. <\/p>\n<p>Bland annat ska presidenten ha beg\u00e4rt att trof\u00e9n han tog emot skulle vara minst lika h\u00f6g som VM-trof\u00e9n, det vill s\u00e4ga 36,5 cm. Det kravet fick presidenten uppfyllt. <\/p>\n<p>Vidare ska Trump ha beg\u00e4rt att marinsoldater fr\u00e5n USA:s milit\u00e4r skulle f\u00f6lja med presidenten upp p\u00e5 scenen och f\u00f6rknippas med utm\u00e4rkelsen. Det kravet sa Fifa nej till.<\/p>\n<p>I samband med lottningen av VM i Washington DC \u00e4ndrades namnet p\u00e5 den anrika lokal i den amerikanska huvudstaden d\u00e4r evenemanget \u00e4gde rum, fr\u00e5n &#8221;John F. Kennedy Center&#8221; till &#8221;Trump Kennedy Cultural Center&#8221;.<\/p>\n","protected":false},"excerpt":{"rendered":"Under uppm\u00e4rksammade former delade Fifa f\u00f6r f\u00f6rsta g\u00e5ngen ut ett fredspris, detta i samband med lottningen till VM&hellip;\n","protected":false},"author":2,"featured_media":112133,"comment_status":"","ping_status":"","sticky":false,"template":"","format":"standard","meta":{"footnotes":""},"categories":[5],"tags":[22,23,26,27,17,21,24,25,28,29,15,16,18,34,31,33,32,30,19,20],"class_list":{"0":"post-112132","1":"post","2":"type-post","3":"status-publish","4":"format-standard","5":"has-post-thumbnail","7":"category-rubriker","8":"tag-breaking-news","9":"tag-breakingnews","10":"tag-featured-news","11":"tag-featurednews","12":"tag-headlines","13":"tag-huvudnyheter","14":"tag-latest-news","15":"tag-latestnews","16":"tag-main-news","17":"tag-mainnews","18":"tag-news","19":"tag-nyheter","20":"tag-rubriker","21":"tag-se","22":"tag-svenska","23":"tag-sverige","24":"tag-sweden","25":"tag-swedish","26":"tag-top-stories","27":"tag-topstories"},"share_on_mastodon":{"url":"https:\/\/pubeurope.com\/@se\/115752724262463411","error":""},"_links":{"self":[{"href":"https:\/\/www.europesays.com\/se\/wp-json\/wp\/v2\/posts\/112132","targetHints":{"allow":["GET"]}}],"collection":[{"href":"https:\/\/www.europesays.com\/se\/wp-json\/wp\/v2\/posts"}],"about":[{"href":"https:\/\/www.europesays.com\/se\/wp-json\/wp\/v2\/types\/post"}],"author":[{"embeddable":true,"href":"https:\/\/www.europesays.com\/se\/wp-json\/wp\/v2\/users\/2"}],"replies":[{"embeddable":true,"href":"https:\/\/www.europesays.com\/se\/wp-json\/wp\/v2\/comments?post=112132"}],"version-history":[{"count":0,"href":"https:\/\/www.europesays.com\/se\/wp-json\/wp\/v2\/posts\/112132\/revisions"}],"wp:featuredmedia":[{"embeddable":true,"href":"https:\/\/www.europesays.com\/se\/wp-json\/wp\/v2\/media\/112133"}],"wp:attachment":[{"href":"https:\/\/www.europesays.com\/se\/wp-json\/wp\/v2\/media?parent=112132"}],"wp:term":[{"taxonomy":"category","embeddable":true,"href":"https:\/\/www.europesays.com\/se\/wp-json\/wp\/v2\/categories?post=112132"},{"taxonomy":"post_tag","embeddable":true,"href":"https:\/\/www.europesays.com\/se\/wp-json\/wp\/v2\/tags?post=112132"}],"curies":[{"name":"wp","href":"https:\/\/api.w.org\/{rel}","templated":true}]}}