{"id":112165,"date":"2025-12-20T16:37:11","date_gmt":"2025-12-20T16:37:11","guid":{"rendered":"https:\/\/www.europesays.com\/se\/112165\/"},"modified":"2025-12-20T16:37:11","modified_gmt":"2025-12-20T16:37:11","slug":"en-osund-och-obehaglig-fixering","status":"publish","type":"post","link":"https:\/\/www.europesays.com\/se\/112165\/","title":{"rendered":"En osund och obehaglig fixering"},"content":{"rendered":"<p>USA:s somaliska befolkning har p\u00e5 senare tid st\u00e5tt i fokus f\u00f6r upprepade attacker fr\u00e5n USA:s president Donald Trump. I en intervju med The Guardian s\u00e4ger kongressledamoten Ilhan Omar, som sj\u00e4lv kom till USA fr\u00e5n Somalia som barn, att presidenten hittat en l\u00e4mplig syndabock i den somaliska minoriteten \u2013 och henne personligen.<\/p>\n<p>\u2013 Det \u00e4r vidrigt, och jag anser att det handlar om en verkligt osund och obehaglig fixering, s\u00e4ger Omar till The Guardian.<\/p>\n<p>Hon tror dock inte att den gemene amerikanen h\u00e5ller med om att en hel folkgrupp b\u00f6r h\u00e5llas ansvarig f\u00f6r enskilda personers handlingar.<\/p>\n<p>L\u00e4s hela intervjun via l\u00e4nken.<\/p>\n<p>Under rubriken \u201dIntervjuer\u201d rekommenderar Omni-redaktionen under helgen n\u00e5gra intressanta intervjuer med personer fr\u00e5n flera vitt skilda branscher.<\/p>\n<p>Svepen \u00e4r en del av Omnis helgsatsning med rekommendationer p\u00e5 l\u00e4sv\u00e4rda, aktuella och intressanta recensioner och intervjuer som publiceras varje helg.<\/p>\n<p>Omni \u00e4r politiskt obundna och oberoende. Vi str\u00e4var efter att ge fler perspektiv p\u00e5 nyheterna. Har du fr\u00e5gor eller synpunkter kring v\u00e5r rapportering? <a href=\"https:\/\/omni.se\/omar-om-trumps-pahopp-en-osund-och-obehaglig-fixering\/a\/mailto:redaktion@omni.se\" class=\"ArticleActions_contactLink__W2F1M\" rel=\"nofollow noopener\" target=\"_blank\">Kontakta redaktionen<\/a><\/p>\n","protected":false},"excerpt":{"rendered":"USA:s somaliska befolkning har p\u00e5 senare tid st\u00e5tt i fokus f\u00f6r upprepade attacker fr\u00e5n USA:s president Donald Trump.&hellip;\n","protected":false},"author":2,"featured_media":112166,"comment_status":"","ping_status":"","sticky":false,"template":"","format":"standard","meta":{"footnotes":""},"categories":[14],"tags":[1482,387,22,23,385,26,27,17,270,21,24,25,28,29,15,268,16,18,34,4609,31,33,32,30,19,20,386,74,51,52,53,54],"class_list":{"0":"post-112165","1":"post","2":"type-post","3":"status-publish","4":"format-standard","5":"has-post-thumbnail","7":"category-varlden","8":"tag-afrika","9":"tag-amerikansk-politik","10":"tag-breaking-news","11":"tag-breakingnews","12":"tag-donald-trump","13":"tag-featured-news","14":"tag-featurednews","15":"tag-headlines","16":"tag-helg","17":"tag-huvudnyheter","18":"tag-latest-news","19":"tag-latestnews","20":"tag-main-news","21":"tag-mainnews","22":"tag-news","23":"tag-nordamerika","24":"tag-nyheter","25":"tag-rubriker","26":"tag-se","27":"tag-somalia","28":"tag-svenska","29":"tag-sverige","30":"tag-sweden","31":"tag-swedish","32":"tag-top-stories","33":"tag-topstories","34":"tag-trumps-usa","35":"tag-usa","36":"tag-varlden","37":"tag-world","38":"tag-world-news","39":"tag-worldnews"},"share_on_mastodon":{"url":"https:\/\/pubeurope.com\/@se\/115752877670031672","error":""},"_links":{"self":[{"href":"https:\/\/www.europesays.com\/se\/wp-json\/wp\/v2\/posts\/112165","targetHints":{"allow":["GET"]}}],"collection":[{"href":"https:\/\/www.europesays.com\/se\/wp-json\/wp\/v2\/posts"}],"about":[{"href":"https:\/\/www.europesays.com\/se\/wp-json\/wp\/v2\/types\/post"}],"author":[{"embeddable":true,"href":"https:\/\/www.europesays.com\/se\/wp-json\/wp\/v2\/users\/2"}],"replies":[{"embeddable":true,"href":"https:\/\/www.europesays.com\/se\/wp-json\/wp\/v2\/comments?post=112165"}],"version-history":[{"count":0,"href":"https:\/\/www.europesays.com\/se\/wp-json\/wp\/v2\/posts\/112165\/revisions"}],"wp:featuredmedia":[{"embeddable":true,"href":"https:\/\/www.europesays.com\/se\/wp-json\/wp\/v2\/media\/112166"}],"wp:attachment":[{"href":"https:\/\/www.europesays.com\/se\/wp-json\/wp\/v2\/media?parent=112165"}],"wp:term":[{"taxonomy":"category","embeddable":true,"href":"https:\/\/www.europesays.com\/se\/wp-json\/wp\/v2\/categories?post=112165"},{"taxonomy":"post_tag","embeddable":true,"href":"https:\/\/www.europesays.com\/se\/wp-json\/wp\/v2\/tags?post=112165"}],"curies":[{"name":"wp","href":"https:\/\/api.w.org\/{rel}","templated":true}]}}