{"id":112170,"date":"2025-12-20T16:46:45","date_gmt":"2025-12-20T16:46:45","guid":{"rendered":"https:\/\/www.europesays.com\/se\/112170\/"},"modified":"2025-12-20T16:46:45","modified_gmt":"2025-12-20T16:46:45","slug":"spektakulart-inbordeskrig-pa-viktig-maga-konferens","status":"publish","type":"post","link":"https:\/\/www.europesays.com\/se\/112170\/","title":{"rendered":"\u201dSpektakul\u00e4rt inb\u00f6rdeskrig\u201d p\u00e5 viktig Maga-konferens"},"content":{"rendered":"<p>\u201dEtt spektakul\u00e4rt inb\u00f6rdeskrig inom Maga-r\u00f6relsen\u201d uppstod p\u00e5 scen under en konferens anordnad av den avlidne Charlie Kirks organisation \u201dTurning Point USA\u201d i natt. Det rapporterar Politico, som skriver att m\u00f6tet var t\u00e4nkt att bli en v\u00e4gvisare om framtiden f\u00f6r Donald Trumps politiska r\u00f6relse.<\/p>\n<p>Den konservativa internetdebatt\u00f6ren Ben Shapiro anv\u00e4nde sin talartid f\u00f6r att attackera andra profilerade republikaner. Han kallade bland annat Tucker Carlson, Candace Owens och Steve Bannon f\u00f6r \u201dbedragare och svindlare\u201d.<\/p>\n<p>\u2013 Den konservativa r\u00f6relsen hotas allvarligt av charlataner som s\u00e4ger sig st\u00e5 f\u00f6r principer men som i sj\u00e4lva verket sprider konspirationsteorier, s\u00e4ger han.<\/p>\n<p>Omni \u00e4r politiskt obundna och oberoende. Vi str\u00e4var efter att ge fler perspektiv p\u00e5 nyheterna. Har du fr\u00e5gor eller synpunkter kring v\u00e5r rapportering? <a href=\"https:\/\/omni.se\/spektakulart-inbordeskrig-pa-viktig-maga-konferens\/a\/mailto:redaktion@omni.se\" class=\"ArticleActions_contactLink__W2F1M\" rel=\"nofollow noopener\" target=\"_blank\">Kontakta redaktionen<\/a><\/p>\n","protected":false},"excerpt":{"rendered":"\u201dEtt spektakul\u00e4rt inb\u00f6rdeskrig inom Maga-r\u00f6relsen\u201d uppstod p\u00e5 scen under en konferens anordnad av den avlidne Charlie Kirks organisation&hellip;\n","protected":false},"author":2,"featured_media":112171,"comment_status":"","ping_status":"","sticky":false,"template":"","format":"standard","meta":{"footnotes":""},"categories":[14],"tags":[387,22,23,3302,385,26,27,17,21,24,25,28,29,15,268,16,18,34,5940,31,33,32,30,19,20,386,12324,74,51,52,53,54],"class_list":{"0":"post-112170","1":"post","2":"type-post","3":"status-publish","4":"format-standard","5":"has-post-thumbnail","7":"category-varlden","8":"tag-amerikansk-politik","9":"tag-breaking-news","10":"tag-breakingnews","11":"tag-charlie-kirk","12":"tag-donald-trump","13":"tag-featured-news","14":"tag-featurednews","15":"tag-headlines","16":"tag-huvudnyheter","17":"tag-latest-news","18":"tag-latestnews","19":"tag-main-news","20":"tag-mainnews","21":"tag-news","22":"tag-nordamerika","23":"tag-nyheter","24":"tag-rubriker","25":"tag-se","26":"tag-steve-bannon","27":"tag-svenska","28":"tag-sverige","29":"tag-sweden","30":"tag-swedish","31":"tag-top-stories","32":"tag-topstories","33":"tag-trumps-usa","34":"tag-tucker-carlson","35":"tag-usa","36":"tag-varlden","37":"tag-world","38":"tag-world-news","39":"tag-worldnews"},"share_on_mastodon":{"url":"https:\/\/pubeurope.com\/@se\/115752913138516340","error":""},"_links":{"self":[{"href":"https:\/\/www.europesays.com\/se\/wp-json\/wp\/v2\/posts\/112170","targetHints":{"allow":["GET"]}}],"collection":[{"href":"https:\/\/www.europesays.com\/se\/wp-json\/wp\/v2\/posts"}],"about":[{"href":"https:\/\/www.europesays.com\/se\/wp-json\/wp\/v2\/types\/post"}],"author":[{"embeddable":true,"href":"https:\/\/www.europesays.com\/se\/wp-json\/wp\/v2\/users\/2"}],"replies":[{"embeddable":true,"href":"https:\/\/www.europesays.com\/se\/wp-json\/wp\/v2\/comments?post=112170"}],"version-history":[{"count":0,"href":"https:\/\/www.europesays.com\/se\/wp-json\/wp\/v2\/posts\/112170\/revisions"}],"wp:featuredmedia":[{"embeddable":true,"href":"https:\/\/www.europesays.com\/se\/wp-json\/wp\/v2\/media\/112171"}],"wp:attachment":[{"href":"https:\/\/www.europesays.com\/se\/wp-json\/wp\/v2\/media?parent=112170"}],"wp:term":[{"taxonomy":"category","embeddable":true,"href":"https:\/\/www.europesays.com\/se\/wp-json\/wp\/v2\/categories?post=112170"},{"taxonomy":"post_tag","embeddable":true,"href":"https:\/\/www.europesays.com\/se\/wp-json\/wp\/v2\/tags?post=112170"}],"curies":[{"name":"wp","href":"https:\/\/api.w.org\/{rel}","templated":true}]}}