{"id":112184,"date":"2025-12-20T17:15:12","date_gmt":"2025-12-20T17:15:12","guid":{"rendered":"https:\/\/www.europesays.com\/se\/112184\/"},"modified":"2025-12-20T17:15:12","modified_gmt":"2025-12-20T17:15:12","slug":"hugo-larsson-malskytt-for-frankfurt","status":"publish","type":"post","link":"https:\/\/www.europesays.com\/se\/112184\/","title":{"rendered":"Hugo Larsson m\u00e5lskytt f\u00f6r Frankfurt"},"content":{"rendered":"<p>F\u00f6rsta m\u00e5let p\u00e5 307 dagar<a data-test-tag=\"internal-link\" href=\"https:\/\/www.aftonbladet.se\/av\/anton-johansson\" class=\"hyperion-css-13ns1rr\" rel=\"nofollow noopener\" target=\"\" aria-label=\"Se alla artiklar av Anton Johansson\"><img decoding=\"async\" class=\"image-asset hyperion-css-n6kkq1\" data-test-tag=\"image-asset\" src=\"https:\/\/www.europesays.com\/se\/wp-content\/uploads\/2025\/12\/1766250911_410_ee21040d-9e79-4667-a3ee-2f9842b2fc2d\"  alt=\"\"  loading=\"lazy\" fetchpriority=\"auto\" style=\"aspect-ratio:1900 \/ 1900\"\/><\/a><\/p>\n<p class=\"boxtextgrotesk-root_baa6 hyperion-css-1w346fg\">Uppdaterad 17.41 | Publicerad 16.05<\/p>\n<p>share-arrowDela<\/p>\n<p>unsaveSpara<\/p>\n<p class=\"hyperion-css-1shl3oz\" data-test-tag=\"lead-text\">Hugo Larsson, 21, stormade in i straffomr\u00e5det.<\/p>\n<p class=\"hyperion-css-1shl3oz\" data-test-tag=\"lead-text\">Sedan gjorde han sitt f\u00f6rsta ligam\u00e5l f\u00f6r s\u00e4songen. <\/p>\n<p class=\"hyperion-css-1v9qo5x\">Den svenske landslagsmittf\u00e4ltaren kvitterade f\u00f6r sitt Frankfurt borta mot Hamburg efter 26 minuters spel.<\/p>\n<p class=\"hyperion-css-1v9qo5x\">M\u00e5let betydde 1\u20131 och kom till efter ett vackert anfall.<\/p>\n<p class=\"hyperion-css-1v9qo5x\">En l\u00e5ngboll slogs mot v\u00e4nsterkanten till Nathaniel Brown som p\u00e5 ett tillslag skickade in bollen i straffomr\u00e5det. D\u00e4r kom <a data-test-tag=\"internal-link\" href=\"https:\/\/www.aftonbladet.se\/tagg\/hugo-larsson\" class=\"hyperion-css-15jkft9\" rel=\"nofollow noopener\" target=\"\" aria-label=\"Hugo Larsson\" theme=\"sportbladet\">Hugo Larsson<\/a> i h\u00f6g fart och satte kvitteringen.<\/p>\n<p>F\u00f6rsta sedan februari<\/p>\n<p class=\"hyperion-css-1v9qo5x\">Det var Larssons f\u00f6rsta m\u00e5l den h\u00e4r s\u00e4songen och hans f\u00f6rsta ligam\u00e5l sedan han n\u00e4tade mot Holstein Kiel den 16 februari.<\/p>\n<p class=\"hyperion-css-1v9qo5x\">D\u00e4rmed br\u00f6t han en 307 dagar l\u00e5ng m\u00e5ltorka.<\/p>\n<p class=\"hyperion-css-1v9qo5x\">Larssons m\u00e5l blev matchens sista och matchen slutade 1\u20131.<\/p>\n<p>expand-left<\/p>\n<p>helsk\u00e4rm<img decoding=\"async\" class=\"image-asset hyperion-css-u06ts1\" data-test-tag=\"image-asset\" src=\"https:\/\/www.europesays.com\/se\/wp-content\/uploads\/2025\/12\/ef58419b-340a-4ee6-aeeb-32fa6b6aee4b\"  alt=\"\"  loading=\"eager\" fetchpriority=\"high\" style=\"aspect-ratio:1900 \/ 1267\"\/> Foto: Selim Sudheimer \/ Getty ImagesH\u00e4ndelserInb\u00f6rdes m\u00f6ten5 senasteLaguppst\u00e4llningTabell<\/p>\n<p>Arena: VolksparkstadionDomare: Tobias Stieler<\/p>\n<ul class=\"eventperiod-eventList_faaa\">\n<li class=\"eventrow-eventRow_630f\">\n<p> <b>A. Sambi Lokonga\u00a0(1-0)\u00a0<\/b><\/p>\n<p>19&#8242;<\/p>\n<\/li>\n<li class=\"eventrow-eventRow_630f\">\n<p>26&#8242;<\/p>\n<p>N. Brown <b>H. Larsson\u00a0(1-1)\u00a0<\/b><\/p>\n<\/li>\n<\/ul>\n<ul class=\"eventperiod-eventList_faaa\">\n<li class=\"eventrow-eventRow_630f\">\n<p>46&#8242;<\/p>\n<\/li>\n<li class=\"eventrow-eventRow_630f\">\n<p><b>B. Jatta<\/b>\u00a0W. Mikelbrencis<\/p>\n<p>61&#8242;<\/p>\n<\/li>\n<li class=\"eventrow-eventRow_630f\">\n<p>70&#8242;<\/p>\n<\/li>\n<li class=\"eventrow-eventRow_630f\">\n<p>71&#8242;<\/p>\n<\/li>\n<li class=\"eventrow-eventRow_630f\">\n<p>72&#8242;<\/p>\n<\/li>\n<li class=\"eventrow-eventRow_630f\">\n<p>83&#8242;<\/p>\n<\/li>\n<li class=\"eventrow-eventRow_630f\">\n<p>85&#8242;<\/p>\n<\/li>\n<li class=\"eventrow-eventRow_630f\">\n<p><b>M. Pherai<\/b>\u00a0R. Konigsdorffer<\/p>\n<p><b>G. Gocholeishvili<\/b>\u00a0R. Philippe<\/p>\n<p>87&#8242;<\/p>\n<\/li>\n<\/ul>\n<p><a class=\"default eventsummary-followLink_0f93 hyperion-css-1u8qly9\" href=\"https:\/\/malservice.aftonbladet.se\/match\/_\/704913\/rapport\" target=\"_blank\" rel=\"noopener noreferrer nofollow\" data-test-tag=\"external-link\">L\u00e4s mer p\u00e5 M\u00e5lservicechevron-right<\/a><\/p>\n","protected":false},"excerpt":{"rendered":"F\u00f6rsta m\u00e5let p\u00e5 307 dagar Uppdaterad 17.41 | Publicerad 16.05 share-arrowDela unsaveSpara Hugo Larsson, 21, stormade in i&hellip;\n","protected":false},"author":2,"featured_media":112185,"comment_status":"","ping_status":"","sticky":false,"template":"","format":"standard","meta":{"footnotes":""},"categories":[68],"tags":[34,111,110,31,33,32,30],"class_list":{"0":"post-112184","1":"post","2":"type-post","3":"status-publish","4":"format-standard","5":"has-post-thumbnail","7":"category-sport","8":"tag-se","9":"tag-sport","10":"tag-sports","11":"tag-svenska","12":"tag-sverige","13":"tag-sweden","14":"tag-swedish"},"share_on_mastodon":{"url":"https:\/\/pubeurope.com\/@se\/115753027315586475","error":""},"_links":{"self":[{"href":"https:\/\/www.europesays.com\/se\/wp-json\/wp\/v2\/posts\/112184","targetHints":{"allow":["GET"]}}],"collection":[{"href":"https:\/\/www.europesays.com\/se\/wp-json\/wp\/v2\/posts"}],"about":[{"href":"https:\/\/www.europesays.com\/se\/wp-json\/wp\/v2\/types\/post"}],"author":[{"embeddable":true,"href":"https:\/\/www.europesays.com\/se\/wp-json\/wp\/v2\/users\/2"}],"replies":[{"embeddable":true,"href":"https:\/\/www.europesays.com\/se\/wp-json\/wp\/v2\/comments?post=112184"}],"version-history":[{"count":0,"href":"https:\/\/www.europesays.com\/se\/wp-json\/wp\/v2\/posts\/112184\/revisions"}],"wp:featuredmedia":[{"embeddable":true,"href":"https:\/\/www.europesays.com\/se\/wp-json\/wp\/v2\/media\/112185"}],"wp:attachment":[{"href":"https:\/\/www.europesays.com\/se\/wp-json\/wp\/v2\/media?parent=112184"}],"wp:term":[{"taxonomy":"category","embeddable":true,"href":"https:\/\/www.europesays.com\/se\/wp-json\/wp\/v2\/categories?post=112184"},{"taxonomy":"post_tag","embeddable":true,"href":"https:\/\/www.europesays.com\/se\/wp-json\/wp\/v2\/tags?post=112184"}],"curies":[{"name":"wp","href":"https:\/\/api.w.org\/{rel}","templated":true}]}}