{"id":112197,"date":"2025-12-20T17:29:20","date_gmt":"2025-12-20T17:29:20","guid":{"rendered":"https:\/\/www.europesays.com\/se\/112197\/"},"modified":"2025-12-20T17:29:20","modified_gmt":"2025-12-20T17:29:20","slug":"det-kandes-som-att-vi-agde-bryssel","status":"publish","type":"post","link":"https:\/\/www.europesays.com\/se\/112197\/","title":{"rendered":"\u201dDet k\u00e4ndes som att vi \u00e4gde Bryssel\u201d"},"content":{"rendered":"<p>&#13;<br \/>\n                                            &#13;<\/p>\n<p class=\"summary\"><strong><\/p>\n<p>Katarina Wolf, ordf\u00f6rande f\u00f6r LRF Ungdomen och mj\u00f6lkproducent i \u00d6sterg\u00f6tland, deltog i demonstrationen i Bryssel.\u00a0<\/p>\n<p>&#13;<br \/>\n<\/strong><\/p>\n<p>&#13;<br \/>\n                                            <img decoding=\"async\" alt=\"\" src=\"https:\/\/www.europesays.com\/se\/wp-content\/uploads\/2025\/12\/1766251758_265_getimage.aspx\"\/>&#13;<br \/>\n\u2013 Det var en otroligt positiv dag. Det k\u00e4nns bra att vi gjorde det, det tror jag alla var \u00f6verens om, s\u00e4ger Katarina Wolf LRF Ungdomens ordf\u00f6rande dagen efter demonstrationen i Bryssel. Foto: LRF&#13;<br \/>\n&#13;<br \/>\n&#13;<\/p>\n<p>\u2013 Det var otroligt roligt. Det blev ocks\u00e5 otroligt lyckat, b\u00e5de vad g\u00e4ller att f\u00e5 fram v\u00e5rt budskap, som var b\u00e5de allvarligt och tydligt, samtidigt som st\u00e4mningen var j\u00e4ttegod. Vi var j\u00e4tten\u00f6jda, s\u00e4ger Katarina Wolf dagen efter demonstrationen.<\/p>\n<p>&#13;<br \/>\n&#13;<\/p>\n<p>Hon ber\u00e4ttar att det var ett 50-tal deltagare med fr\u00e5n LRF, varav m\u00e5nga fr\u00e5n LRF Ungdomen.<\/p>\n<p>&#13;<br \/>\n&#13;<\/p>\n<p>\u2013 Kanske inte h\u00e4lften men n\u00e4ra p\u00e5, s\u00e5 det var roligt! Budskapen \u00e4r allvarliga och vi undrar vad som ska h\u00e4nda, s\u00e5 det blir p\u00e5 ett s\u00e4tt att jag \u00e5ker dit och demonstrerar f\u00f6r min framtid. Att det \u00e4r s\u00e5 m\u00e5nga unga som vill \u00e5ka dit och vara med, samt att LRF v\u00e4ljer att lyfta fram dem, ger hopp inf\u00f6r framtiden.<\/p>\n<p>&#13;<br \/>\n&#13;<\/p>\n<p><strong>Var det m\u00e5nga unga \u00e4ven fr\u00e5n andra l\u00e4nder?<\/strong><\/p>\n<p>&#13;<br \/>\n&#13;<\/p>\n<p>\u2013 Nu s\u00e5g jag inte alla delegationer. Men jag tror vi var den mest j\u00e4mst\u00e4llda och \u00e5ldersdifferentierade gruppen av alla som var d\u00e4r.<\/p>\n<p>&#13;<br \/>\n&#13;<br \/>\n<img decoding=\"async\" alt=\"\" src=\"https:\/\/www.europesays.com\/se\/wp-content\/uploads\/2025\/12\/1766251759_616_getimage.aspx\"\/>&#13;<br \/>\nN\u00e5gra LRF Ungdomar p\u00e5 plats i Bryssel f\u00f6r att delta i demonstrationen. Enligt Katarina var det m\u00e5nga unga med fr\u00e5n Sverige, j\u00e4mf\u00f6rt med fr\u00e5n m\u00e5nga andra l\u00e4nder. Foto: LRF&#13;<br \/>\n&#13;<br \/>\n&#13;<\/p>\n<p><strong>Hur k\u00e4ndes det att demonstrera tillsammans med lantbrukare fr\u00e5n hela EU?<\/strong><\/p>\n<p>&#13;<br \/>\n&#13;<\/p>\n<p>\u2013 Det var en fantastisk gemenskapsk\u00e4nsla, gemytligt och glatt men med de h\u00e4r allvarliga budskapen i bakgrunden. Det var ett trevligt och glatt g\u00e4ng. Vi gick ock sj\u00f6ng ihop med finl\u00e4ndarna och irl\u00e4ndarna, ber\u00e4ttar Katarina och forts\u00e4tter:<\/p>\n<p>&#13;<br \/>\n&#13;<\/p>\n<p>\u2013 Sen var det sv\u00e5rt att f\u00e5 en \u00f6verblick \u00f6ver hur m\u00e5nga vi var. Man pratade om 10\u00a0000, men det var sv\u00e5rt att f\u00e5 k\u00e4nslan av hur m\u00e5nga vi var. Sen h\u00f6rde jag att vi var \u00f6ver 9\u00a0000 personer i alla fall &#8211; bara italienarna var runt 1 000 personer. Det k\u00e4ndes stort och m\u00e4ktigt, det k\u00e4ndes som vi \u00e4gde Bryssel.<\/p>\n<p>&#13;<br \/>\n&#13;<br \/>\n<img decoding=\"async\" alt=\"\" src=\"https:\/\/www.europesays.com\/se\/wp-content\/uploads\/2025\/12\/1766251759_186_getimage.aspx\"\/>&#13;<br \/>\nMarscherar genom Bryssel. Foto: LRF&#13;<br \/>\n&#13;<br \/>\n&#13;<\/p>\n<p><strong>I Sverige \u00e4r det inte s\u00e5 vanligt att demonstrera p\u00e5 det h\u00e4r viset, hur var det att g\u00f6ra det?<\/strong><\/p>\n<p>&#13;<br \/>\n&#13;<\/p>\n<p>\u2013 Vi hade best\u00e4mt att LRF skulle g\u00f6ra det h\u00e4r. Copa Cogeca har aldrig arrangerat en demonstration p\u00e5 det h\u00e4r viset tidigare. D\u00e5 tyckte vi att det h\u00e4r \u00e4r ordnat, det \u00e4r mer en manifestation \u00e4n en bondeprotest &#8211; vi ska inte elda d\u00e4ck och vara arga &#8211; och vi tycker det h\u00e4r \u00e4r viktigt. Det \u00e4r ett ganska historiskt beslut att man ska s\u00e4nka budgeten med n\u00e4stan 30 procent, s\u00e5 \u00e4r det n\u00e5gon g\u00e5ng vi ska ut och s\u00e4ga vad vi tycker s\u00e5 \u00e4r det nu. Det har blivit ett otroligt mediagenomslag i Sverige om att vi har gjort det h\u00e4r, s\u00e5 jag tror det var bra, b\u00e5de f\u00f6r framtida beslut och f\u00f6r LRF:s medlemmar.<\/p>\n<p>&#13;<br \/>\n&#13;<br \/>\nF\u00e5tal som betedde sig illa&#13;<br \/>\n&#13;<\/p>\n<p>Men hon s\u00e4ger att det var tr\u00e5kigt att belgiska lantbrukare under natten innan demonstrationen k\u00f6rt in traktorer och blockerat gator d\u00e4r demonstrationen skulle h\u00e5llas, och som under dagen bland annat eldade d\u00e4ck och sk\u00f6t sm\u00e4llare.<\/p>\n<p>&#13;<br \/>\n&#13;<\/p>\n<p>\u2013 Det var ocks\u00e5 d\u00e4r Copa Cogeca hade demonstrationstillst\u00e5nd, s\u00e5 de fick \u00e4ndra om hela planen. Byta plats och bygga om scenen mitt i natten. Vi fick b\u00f6rja med tal p\u00e5 en annan plats, och d\u00e4refter marschera en annan v\u00e4g, s\u00e4ger hon och forts\u00e4tter:<\/p>\n<p>&#13;<br \/>\n&#13;<\/p>\n<p>\u2013 Men som jag har f\u00f6rst\u00e5tt det blev ingen skadad i v\u00e5r demonstration och vi l\u00e4mnade Bryssel precis som vi fann det. Det var inga v\u00e5ldsamheter, utan v\u00e4ldigt fredligt. Sen var det tyv\u00e4rr det h\u00e4r f\u00e5talet som inte tillh\u00f6rde v\u00e5r demonstration och som betedde sig v\u00e4ldigt illa, vilket tyv\u00e4rr f\u00e5tt mest uppm\u00e4rksamhet i media.<\/p>\n<p>&#13;<br \/>\n&#13;<br \/>\n<img decoding=\"async\" alt=\"\" src=\"https:\/\/www.europesays.com\/se\/wp-content\/uploads\/2025\/12\/1766251760_975_getimage.aspx\"\/>&#13;<br \/>\nM\u00e5nga flaggor vajade i luften under demonstrationen. Foto:\u00a0Marie Hatlevoll\/Bondebladet&#13;<br \/>\n&#13;<br \/>\n&#13;<br \/>\nUpp till bevis&#13;<br \/>\n&#13;<\/p>\n<p>Nu f\u00e5r framtiden utvisa effekten av demonstrationen. Men Katarina hoppas b\u00e5de EU-kommissionen och den svenska regeringen tar till sig budskapet som f\u00f6rdes fram.<\/p>\n<p>&#13;<br \/>\n&#13;<\/p>\n<p>\u2013 Nu \u00e4r det upp till bevis f\u00f6r EU-kommissionen och svenska regeringen om man tycker det \u00e4r viktigt med livsmedelstrygghet i EU och att det finns svenska lantbrukare som v\u00e5gar satsa, investera och ta \u00f6ver. Jag hoppas det kommer ge effekt. Vi \u00e4r en bit ifr\u00e5n en beslutad CAP 2028, s\u00e5 jag hoppas att demonstrationen l\u00e5g ganska bra i tiden f\u00f6r att f\u00e5 fram de h\u00e4r budskapen. Nu n\u00e4r f\u00f6rhandlingarna om hur CAP ska utformas fortfarande p\u00e5g\u00e5r. Att unga \u00e4r med och demonstrerar tror jag ger en god signal till beslutsfattarna ocks\u00e5, att det h\u00e4r \u00e4r framtiden p\u00e5 n\u00e5got vis.<\/p>\n<p>&#13;<br \/>\n&#13;<\/p>\n<p>\u00a0<\/p>\n<p>&#13;<br \/>\n&#13;<br \/>\n<img decoding=\"async\" alt=\"\" src=\"https:\/\/www.europesays.com\/se\/wp-content\/uploads\/2025\/12\/1766251760_919_getimage.aspx\"\/>&#13;<br \/>\nUpp mot 50 lantbrukare fr\u00e5n Sverige reste ner till Bryssel f\u00f6r torsdagens demonstration. Skyltar och jackor i gr\u00f6nt skapade en enlighet f\u00f6r den svenska delegationen. Foto: LRF&#13;<br \/>\n&#13;<br \/>\n&#13;<\/p>\n<p>\u00a0<\/p>\n<p>&#13;<br \/>\n&#13;<br \/>\n&#13;<br \/>\n&#13;<\/p>\n<p>\u00a0<\/p>\n<p>&#13;<br \/>\n&#13;<\/p>\n<p>Artikeln publicerades fredag den 19 december 2025<\/p>\n<p>&#13;<\/p>\n<p>&#13;<br \/>\n                                               &#8211; -&#13;<br \/>\n                                               -&#13;\n                                            <\/p>\n<p>&#13;<\/p>\n","protected":false},"excerpt":{"rendered":"&#13; &#13; Katarina Wolf, ordf\u00f6rande f\u00f6r LRF Ungdomen och mj\u00f6lkproducent i \u00d6sterg\u00f6tland, deltog i demonstrationen i Bryssel.\u00a0 &#13;&hellip;\n","protected":false},"author":2,"featured_media":112198,"comment_status":"","ping_status":"","sticky":false,"template":"","format":"standard","meta":{"footnotes":""},"categories":[5],"tags":[22,23,26,27,17,21,24,25,28,29,15,16,18,34,31,33,32,30,19,20],"class_list":{"0":"post-112197","1":"post","2":"type-post","3":"status-publish","4":"format-standard","5":"has-post-thumbnail","7":"category-rubriker","8":"tag-breaking-news","9":"tag-breakingnews","10":"tag-featured-news","11":"tag-featurednews","12":"tag-headlines","13":"tag-huvudnyheter","14":"tag-latest-news","15":"tag-latestnews","16":"tag-main-news","17":"tag-mainnews","18":"tag-news","19":"tag-nyheter","20":"tag-rubriker","21":"tag-se","22":"tag-svenska","23":"tag-sverige","24":"tag-sweden","25":"tag-swedish","26":"tag-top-stories","27":"tag-topstories"},"share_on_mastodon":{"url":"https:\/\/pubeurope.com\/@se\/115753082819845003","error":""},"_links":{"self":[{"href":"https:\/\/www.europesays.com\/se\/wp-json\/wp\/v2\/posts\/112197","targetHints":{"allow":["GET"]}}],"collection":[{"href":"https:\/\/www.europesays.com\/se\/wp-json\/wp\/v2\/posts"}],"about":[{"href":"https:\/\/www.europesays.com\/se\/wp-json\/wp\/v2\/types\/post"}],"author":[{"embeddable":true,"href":"https:\/\/www.europesays.com\/se\/wp-json\/wp\/v2\/users\/2"}],"replies":[{"embeddable":true,"href":"https:\/\/www.europesays.com\/se\/wp-json\/wp\/v2\/comments?post=112197"}],"version-history":[{"count":0,"href":"https:\/\/www.europesays.com\/se\/wp-json\/wp\/v2\/posts\/112197\/revisions"}],"wp:featuredmedia":[{"embeddable":true,"href":"https:\/\/www.europesays.com\/se\/wp-json\/wp\/v2\/media\/112198"}],"wp:attachment":[{"href":"https:\/\/www.europesays.com\/se\/wp-json\/wp\/v2\/media?parent=112197"}],"wp:term":[{"taxonomy":"category","embeddable":true,"href":"https:\/\/www.europesays.com\/se\/wp-json\/wp\/v2\/categories?post=112197"},{"taxonomy":"post_tag","embeddable":true,"href":"https:\/\/www.europesays.com\/se\/wp-json\/wp\/v2\/tags?post=112197"}],"curies":[{"name":"wp","href":"https:\/\/api.w.org\/{rel}","templated":true}]}}