{"id":112242,"date":"2025-12-20T18:21:08","date_gmt":"2025-12-20T18:21:08","guid":{"rendered":"https:\/\/www.europesays.com\/se\/112242\/"},"modified":"2025-12-20T18:21:08","modified_gmt":"2025-12-20T18:21:08","slug":"trumps-krav-pa-fifas-fredspris-avslojat-fotboll","status":"publish","type":"post","link":"https:\/\/www.europesays.com\/se\/112242\/","title":{"rendered":"Trumps krav p\u00e5 Fifas fredspris avsl\u00f6jat | Fotboll"},"content":{"rendered":"<p>Publicerad 20 dec 2025 kl 14.32Uppdaterad kl 17.19<\/p>\n<p>En trof\u00e9 lika h\u00f6g som VM-bucklan och marink\u00e5rssoldater p\u00e5 scenen. De kraven st\u00e4llde Donald Trump innan han tilldelades Fifas fredspris, <a href=\"https:\/\/www.thetimes.com\/sport\/football\/article\/donald-trump-fifa-peace-prize-world-cup-h7xz6qk20\" rel=\"nofollow noopener\" target=\"_blank\">avsl\u00f6jar The Times<\/a>.<\/p>\n<p><img   alt=\"\"\/> <\/p>\n<p>Foto: JACQUELYN MARTIN \/ AP TT NYHETSBYR\u00c5N<\/p>\n<p>\u00d6ppna bild i helsk\u00e4rm<\/p>\n<p>I samband med VM-lottningen f\u00f6r tv\u00e5 veckor sedan tog <a href=\"https:\/\/www.expressen.se\/tagg\/person\/donald-trump\/\" class=\"\" rel=\"nofollow noopener\" target=\"_blank\">Donald Trump<\/a> emot Fifas nyinstiftade fredspris av organisationens president Gianni Infantino.<\/p>\n<p>\u2013 Tack s\u00e5 mycket. Det h\u00e4r \u00e4r en av de st\u00f6rsta \u00e4rorna i mitt liv. Vi har r\u00e4ddat miljontals liv, sade han i <a href=\"https:\/\/www.expressen.se\/sport\/fotboll\/klart-trump-far-fifas-fredspris\/\" rel=\"nofollow noopener\" target=\"_blank\">samband med utdelningen<\/a>.<\/p>\n<p>Nu kan tidningen The Times avsl\u00f6ja Trumps krav f\u00f6r att medverka p\u00e5 ceremonin.\u00a0<\/p>\n<p>USA:s president beg\u00e4rde bland annat att den trof\u00e9 som han skulle ta emot var tvungen att vara minst lika h\u00f6g som VM-bucklan i fotboll, det vill s\u00e4ga 36,5 centimeter. Ett krav som Fifa tillgodos\u00e5g.<\/p>\n<p>Kr\u00e4vde milit\u00e4r p\u00e5 scen<\/p>\n<p>D\u00e4remot fick Trump inte igenom en annan beg\u00e4ran \u2013 n\u00e4mligen att marink\u00e5rssoldater fr\u00e5n USA skulle f\u00f6lja med upp p\u00e5 scenen och d\u00e4rmed f\u00e5 associeras med utm\u00e4rkelsen.\u00a0<\/p>\n<p>Priset fick stor uppm\u00e4rksamhet \u2013 inte minst d\u00e5 det r\u00e5dde tveksamhet kring varf\u00f6r Trump f\u00e5tt utm\u00e4rkelsen.<\/p>\n<p>\u2013 Det \u00e4r m\u00e5nga delar i bakgrunden till priset som inte har klargjorts, <a href=\"https:\/\/www.expressen.se\/sport\/fotboll\/forbundet-om-trumps-pris-starkt-tveksam-till-det\/\" rel=\"nofollow noopener\" target=\"_blank\">sade SvFF:s ordf\u00f6rande Simon \u00c5str\u00f6m<\/a>.<\/p>\n","protected":false},"excerpt":{"rendered":"Publicerad 20 dec 2025 kl 14.32Uppdaterad kl 17.19 En trof\u00e9 lika h\u00f6g som VM-bucklan och marink\u00e5rssoldater p\u00e5 scenen.&hellip;\n","protected":false},"author":2,"featured_media":112243,"comment_status":"","ping_status":"","sticky":false,"template":"","format":"standard","meta":{"footnotes":""},"categories":[68],"tags":[198,34,129,111,110,31,33,32,30],"class_list":{"0":"post-112242","1":"post","2":"type-post","3":"status-publish","4":"format-standard","5":"has-post-thumbnail","7":"category-sport","8":"tag-person-donald-trump","9":"tag-se","10":"tag-sections-fotboll","11":"tag-sport","12":"tag-sports","13":"tag-svenska","14":"tag-sverige","15":"tag-sweden","16":"tag-swedish"},"share_on_mastodon":{"url":"https:\/\/pubeurope.com\/@se\/115753286617914476","error":""},"_links":{"self":[{"href":"https:\/\/www.europesays.com\/se\/wp-json\/wp\/v2\/posts\/112242","targetHints":{"allow":["GET"]}}],"collection":[{"href":"https:\/\/www.europesays.com\/se\/wp-json\/wp\/v2\/posts"}],"about":[{"href":"https:\/\/www.europesays.com\/se\/wp-json\/wp\/v2\/types\/post"}],"author":[{"embeddable":true,"href":"https:\/\/www.europesays.com\/se\/wp-json\/wp\/v2\/users\/2"}],"replies":[{"embeddable":true,"href":"https:\/\/www.europesays.com\/se\/wp-json\/wp\/v2\/comments?post=112242"}],"version-history":[{"count":0,"href":"https:\/\/www.europesays.com\/se\/wp-json\/wp\/v2\/posts\/112242\/revisions"}],"wp:featuredmedia":[{"embeddable":true,"href":"https:\/\/www.europesays.com\/se\/wp-json\/wp\/v2\/media\/112243"}],"wp:attachment":[{"href":"https:\/\/www.europesays.com\/se\/wp-json\/wp\/v2\/media?parent=112242"}],"wp:term":[{"taxonomy":"category","embeddable":true,"href":"https:\/\/www.europesays.com\/se\/wp-json\/wp\/v2\/categories?post=112242"},{"taxonomy":"post_tag","embeddable":true,"href":"https:\/\/www.europesays.com\/se\/wp-json\/wp\/v2\/tags?post=112242"}],"curies":[{"name":"wp","href":"https:\/\/api.w.org\/{rel}","templated":true}]}}