{"id":112311,"date":"2025-12-20T20:11:08","date_gmt":"2025-12-20T20:11:08","guid":{"rendered":"https:\/\/www.europesays.com\/se\/112311\/"},"modified":"2025-12-20T20:11:08","modified_gmt":"2025-12-20T20:11:08","slug":"uppgifter-sonen-schizofren-medicinerna-slog-fel-omni","status":"publish","type":"post","link":"https:\/\/www.europesays.com\/se\/112311\/","title":{"rendered":"Uppgifter: Sonen schizofren \u2013 medicinerna slog fel &#8211; Omni"},"content":{"rendered":"<ol>\n<li><a href=\"https:\/\/news.google.com\/rss\/articles\/CBMie0FVX3lxTE1CVGJhdzZnd0tDekprcXF1WFdzeWJJZlhKYTVTN1VqLVd5YmpwcFJfbGlTWDRjODdhMDRCR3Jxcm05bk5BclB1aE5jUmhEMWpoS1ZKLWdlWkxxOFJ5cTJ6RkpWM1g2Q3NqLXRVRGxiVEIwdFZrMlJzYkJOOA?oc=5\" target=\"_blank\" rel=\"nofollow noopener\">Uppgifter: Sonen schizofren \u2013 medicinerna slog fel<\/a>&nbsp;&nbsp;Omni<\/li>\n<li><a href=\"https:\/\/news.google.com\/rss\/articles\/CBMiY0FVX3lxTE5jX3FQSmN3VEpEdzFRX01OY1Z2ZE50b1ZEcUlhc0E3WE1idk1hc1FsSDVLU1pJM2hZSmZGNVptLWJ4aVpwV3RobG9Hb0lFZUk1MTlRTndfV3R1UEtoZ2lPeWk5Zw?oc=5\" target=\"_blank\" rel=\"nofollow noopener\">Dubbelmordet som skakar Hollywood<\/a>&nbsp;&nbsp;Aftonbladet<\/li>\n<li><a href=\"https:\/\/news.google.com\/rss\/articles\/CBMibEFVX3lxTE5fT1dfRmJtRVRQbWtHeng2aUVuR3docmdIaVB5VG9tM2hPcDFlQVVJbEw0VjhrWVBZLUFvZ2RqV20tVS1veXJadl9TWnptbklFTGdRa3BiMkVDNHg4Q3MyNHpDeXowX1YtUjdaVQ?oc=5\" target=\"_blank\" rel=\"nofollow noopener\">Magasupportrar: Du gick f\u00f6r l\u00e5ngt, Sir<\/a>&nbsp;&nbsp;SvD<\/li>\n<li><a href=\"https:\/\/news.google.com\/rss\/articles\/CBMigAFBVV95cUxQNV9tNGd1TGhtcWNORWtIYXdRRnpMYlg5anJKaF9GZUtFVndVQ0tJOXloNGtkbGhLSWZ3cVRkTElyS0ZTRWlSNmRaMEVVZVJfRHlEX2tQc3lVZGc1cF9TR0F0QWlWd3laenAxek1nbDVNWFRPeDg1YUk3WWZ4bDV4bA?oc=5\" target=\"_blank\" rel=\"nofollow noopener\">Trumps hatiska inl\u00e4gg kan sl\u00e5 tillbaka 17 december 2025 &#8211; USApodden<\/a>&nbsp;&nbsp;Sveriges Radio<\/li>\n<li><a href=\"https:\/\/news.google.com\/rss\/articles\/CBMigwFBVV95cUxNdEVZN1NwdENGaXN5Qy02aW1KYVBSYjJWMkNjN3k0d0pZMk53OGVTSGM4akxoN1RHaWFYRVUxaWJUdHFPZnkxM2ZyeGVWQllibDFnZE5pdS1rcTh3SlRFdEdSWUxRQ2xpeG15WEN4LVZ0ZVFZcEdPdTdYbjJGU0U2dmtPRQ?oc=5\" target=\"_blank\" rel=\"nofollow noopener\">Rob Reiner larmade v\u00e4nner p\u00e5 k\u00e4ndisfesten \u2013 kort f\u00f6re sin d\u00f6d<\/a>&nbsp;&nbsp;Expressen<\/li>\n<\/ol>\n","protected":false},"excerpt":{"rendered":"Uppgifter: Sonen schizofren \u2013 medicinerna slog fel&nbsp;&nbsp;Omni Dubbelmordet som skakar Hollywood&nbsp;&nbsp;Aftonbladet Magasupportrar: Du gick f\u00f6r l\u00e5ngt, Sir&nbsp;&nbsp;SvD Trumps&hellip;\n","protected":false},"author":2,"featured_media":112312,"comment_status":"","ping_status":"","sticky":false,"template":"","format":"standard","meta":{"footnotes":""},"categories":[67],"tags":[104,268,11940,34,31,33,32,30,105,74],"class_list":{"0":"post-112311","1":"post","2":"type-post","3":"status-publish","4":"format-standard","5":"has-post-thumbnail","7":"category-underhallning","8":"tag-entertainment","9":"tag-nordamerika","10":"tag-rob-reiner","11":"tag-se","12":"tag-svenska","13":"tag-sverige","14":"tag-sweden","15":"tag-swedish","16":"tag-underhallning","17":"tag-usa"},"share_on_mastodon":{"url":"https:\/\/pubeurope.com\/@se\/115753719098344099","error":""},"_links":{"self":[{"href":"https:\/\/www.europesays.com\/se\/wp-json\/wp\/v2\/posts\/112311","targetHints":{"allow":["GET"]}}],"collection":[{"href":"https:\/\/www.europesays.com\/se\/wp-json\/wp\/v2\/posts"}],"about":[{"href":"https:\/\/www.europesays.com\/se\/wp-json\/wp\/v2\/types\/post"}],"author":[{"embeddable":true,"href":"https:\/\/www.europesays.com\/se\/wp-json\/wp\/v2\/users\/2"}],"replies":[{"embeddable":true,"href":"https:\/\/www.europesays.com\/se\/wp-json\/wp\/v2\/comments?post=112311"}],"version-history":[{"count":0,"href":"https:\/\/www.europesays.com\/se\/wp-json\/wp\/v2\/posts\/112311\/revisions"}],"wp:featuredmedia":[{"embeddable":true,"href":"https:\/\/www.europesays.com\/se\/wp-json\/wp\/v2\/media\/112312"}],"wp:attachment":[{"href":"https:\/\/www.europesays.com\/se\/wp-json\/wp\/v2\/media?parent=112311"}],"wp:term":[{"taxonomy":"category","embeddable":true,"href":"https:\/\/www.europesays.com\/se\/wp-json\/wp\/v2\/categories?post=112311"},{"taxonomy":"post_tag","embeddable":true,"href":"https:\/\/www.europesays.com\/se\/wp-json\/wp\/v2\/tags?post=112311"}],"curies":[{"name":"wp","href":"https:\/\/api.w.org\/{rel}","templated":true}]}}