{"id":112313,"date":"2025-12-20T20:15:11","date_gmt":"2025-12-20T20:15:11","guid":{"rendered":"https:\/\/www.europesays.com\/se\/112313\/"},"modified":"2025-12-20T20:15:11","modified_gmt":"2025-12-20T20:15:11","slug":"sol-och-kyla-pa-julafton-2","status":"publish","type":"post","link":"https:\/\/www.europesays.com\/se\/112313\/","title":{"rendered":"Sol och kyla p\u00e5 julafton"},"content":{"rendered":"<p>Efter en ovanligt mild december sker ett v\u00e4deromslag nu i helgen n\u00e4r ett h\u00f6gtryck kommer in. P\u00e5 s\u00f6ndag \u00e4r det \u201dhyfsat v\u00e4letablerat\u201d och ligger sedan kvar till och med julafton, enligt Linnea Rehn Wittskog, meteorolog p\u00e5 SMHI.<\/p>\n<p>\u2013 En hel del l\u00e5gtryck har passerat landet, men nu etableras ett h\u00f6gtryck \u00f6ver stora delar av Skandinavien och i och med det blir det kallare. H\u00f6gtrycket ligger kvar \u00e5tminstone till julafton innan det b\u00f6rjar f\u00f6rskjutas s\u00f6derut.<\/p>\n<p>P\u00e5 julafton v\u00e4ntas minus tio grader l\u00e4ngst i norr och nollgradigt i s\u00f6der. Endast Gotland och s\u00f6dra V\u00e4rmland f\u00e5r en plusgrad.<\/p>\n<p><strong>H\u00f6gtryck vintertid betyder<\/strong> dock inte per definition soligt v\u00e4der, framh\u00e5ller Linnea Rehn Wittskog.<\/p>\n<p>\u2013 Om det bildas dis och dimma nattetid kan det ha sv\u00e5rt att l\u00e4tta p\u00e5 dagen eftersom solen \u00e4r s\u00e5 svag. Men det \u00e4r \u00e4nd\u00e5 hyfsat torr luft som sveper ner \u00f6ver landet.<\/p>\n<p>P\u00e5 juldagen passerar ett l\u00e5gtryck norr om Skandinavien varp\u00e5 v\u00e4dret blir mildare \u00e4ven i Sverige med plusgrader ocks\u00e5 l\u00e4ngst i norr.<\/p>\n<p>\u2013 Men det \u00e4r tillf\u00e4lligt, till l\u00f6rdagen (27\/12) ser det ut som att det \u00e5terigen kan dra ner granska kall luft \u00f6ver landet, s\u00e4ger Linnea Rehn Wittskog.<\/p>\n","protected":false},"excerpt":{"rendered":"Efter en ovanligt mild december sker ett v\u00e4deromslag nu i helgen n\u00e4r ett h\u00f6gtryck kommer in. P\u00e5 s\u00f6ndag&hellip;\n","protected":false},"author":2,"featured_media":112314,"comment_status":"","ping_status":"","sticky":false,"template":"","format":"standard","meta":{"footnotes":""},"categories":[12],"tags":[22,23,26,27,17,21,24,25,28,29,15,16,18,34,31,33,32,30,19,20],"class_list":{"0":"post-112313","1":"post","2":"type-post","3":"status-publish","4":"format-standard","5":"has-post-thumbnail","7":"category-sverige","8":"tag-breaking-news","9":"tag-breakingnews","10":"tag-featured-news","11":"tag-featurednews","12":"tag-headlines","13":"tag-huvudnyheter","14":"tag-latest-news","15":"tag-latestnews","16":"tag-main-news","17":"tag-mainnews","18":"tag-news","19":"tag-nyheter","20":"tag-rubriker","21":"tag-se","22":"tag-svenska","23":"tag-sverige","24":"tag-sweden","25":"tag-swedish","26":"tag-top-stories","27":"tag-topstories"},"share_on_mastodon":{"url":"https:\/\/pubeurope.com\/@se\/115753734906238814","error":""},"_links":{"self":[{"href":"https:\/\/www.europesays.com\/se\/wp-json\/wp\/v2\/posts\/112313","targetHints":{"allow":["GET"]}}],"collection":[{"href":"https:\/\/www.europesays.com\/se\/wp-json\/wp\/v2\/posts"}],"about":[{"href":"https:\/\/www.europesays.com\/se\/wp-json\/wp\/v2\/types\/post"}],"author":[{"embeddable":true,"href":"https:\/\/www.europesays.com\/se\/wp-json\/wp\/v2\/users\/2"}],"replies":[{"embeddable":true,"href":"https:\/\/www.europesays.com\/se\/wp-json\/wp\/v2\/comments?post=112313"}],"version-history":[{"count":0,"href":"https:\/\/www.europesays.com\/se\/wp-json\/wp\/v2\/posts\/112313\/revisions"}],"wp:featuredmedia":[{"embeddable":true,"href":"https:\/\/www.europesays.com\/se\/wp-json\/wp\/v2\/media\/112314"}],"wp:attachment":[{"href":"https:\/\/www.europesays.com\/se\/wp-json\/wp\/v2\/media?parent=112313"}],"wp:term":[{"taxonomy":"category","embeddable":true,"href":"https:\/\/www.europesays.com\/se\/wp-json\/wp\/v2\/categories?post=112313"},{"taxonomy":"post_tag","embeddable":true,"href":"https:\/\/www.europesays.com\/se\/wp-json\/wp\/v2\/tags?post=112313"}],"curies":[{"name":"wp","href":"https:\/\/api.w.org\/{rel}","templated":true}]}}