{"id":112317,"date":"2025-12-20T20:18:09","date_gmt":"2025-12-20T20:18:09","guid":{"rendered":"https:\/\/www.europesays.com\/se\/112317\/"},"modified":"2025-12-20T20:18:09","modified_gmt":"2025-12-20T20:18:09","slug":"kronika-otroligt-bra-mot-favoritmotstandet-en-tidig-julklapp-till-laget-nwt","status":"publish","type":"post","link":"https:\/\/www.europesays.com\/se\/112317\/","title":{"rendered":"Kr\u00f6nika: Otroligt bra mot favoritmotst\u00e5ndet \u2013 en tidig julklapp till laget &#8211; NWT"},"content":{"rendered":"<ol>\n<li><a href=\"https:\/\/news.google.com\/rss\/articles\/CBMiogFBVV95cUxNSlctLThFVlRya202S182and4NUJiZFJYMWhQbzJ4RXQwa1hCSU90Q0ktREYzbkU3Q1BfWkI1RXJwbXpiNHNnUld6Vl9oX3lTenkwRHhXOFRLNGU1NkQ5WjJ3bUFKU3J4NDFRMDEtRGtSX2RKaVgxM0UxOFRYVTM5ajQ5MXlOajVBSE9OZ2lrd05zRGp1QjVIUlB1NHVIVk1sUHc?oc=5\" target=\"_blank\" rel=\"nofollow noopener\">Kr\u00f6nika: Otroligt bra mot favoritmotst\u00e5ndet \u2013 en tidig julklapp till laget<\/a>&nbsp;&nbsp;NWT<\/li>\n<li><a href=\"https:\/\/news.google.com\/rss\/articles\/CBMirgFBVV95cUxNTk8zX0QxNW0wOUpqcm9OY19qOWJNYmxwMzBFMi1KWUNqbi14cVRlckZNcHZEZDZNc0Y5SmEyQXRnQkpSQ281eWxVNTNYdWdINmV4ZzREcWtlLTEyQUV3NllBaWlDelhOdUQyOGF3U0MtcEwyS20zZXJJRGlIMWhzSElIMzFpS2ZkMjdUcHhpUEhKV3dkQmMyWUF2Wk95YVRNai01RDdFTTQ0RmJ5c0E?oc=5\" target=\"_blank\" rel=\"nofollow noopener\">R\u00f6gle vann mot F\u00e4rjestad \u2013 igen<\/a>&nbsp;&nbsp;Aftonbladet<\/li>\n<li><a href=\"https:\/\/news.google.com\/rss\/articles\/CBMiuAFBVV95cUxPNXdrMTZhYmpaRklNYkFVVWRZN0xCbURCYXJjdlo2S3BwMjV4OUxxZmhzMEdURlcxbV9pZnpFV3Y1Mmk5aU1uSFVwS3d3Zk9qal9vaTlwb0JtODF3WlIzZWZvTXJUVmhIUGRuUjRqNDFGTkF2SkVjV3p0Skl0LXFwMmJ1S3NJSnJPWFVsUVh3WC1BcFNlRmNoYW4wVklrV21ObHc3cW1fN2FwSnVCdFZXdk9FOG4zblQ5?oc=5\" target=\"_blank\" rel=\"nofollow noopener\">\u201dH\u00e4r \u00e4r de h\u00e5rda, spetsiga paket som jultomten Wallin beh\u00f6ver fixa till FBK-truppen\u201d<\/a>&nbsp;&nbsp;VF<\/li>\n<li><a href=\"https:\/\/news.google.com\/rss\/articles\/CBMigAFBVV95cUxPOGtvYzFmUmZtUENQc0NObk5GYTJCV1cxYl83eG1COHNIaHFteEc1T1cxRjZUUGFBY2VidDlBOE5LZF9QdFV6aDM4bmpuSzVES09qY2RPUGlMYTE1MEhHYlZfanZjODJXYmhFM2FFRmZGbGVlcWdFM0tqTEdJVTVlcg?oc=5\" target=\"_blank\" rel=\"nofollow noopener\">DIREKT: R\u00f6gle tog trepo\u00e4ngare i Karlstad<\/a>&nbsp;&nbsp;HD<\/li>\n<li><a href=\"https:\/\/news.google.com\/rss\/articles\/CBMihgFBVV95cUxPajZOX2tjZFhiV3BvRjVsdWRScUJEaU1QeUpfaUo1dDZ4T01WVUtiMjFsVUJFNDdBb0c3NHBiT2hRTkU3MWZyT0VwbEhyX2FSYThzYk1JU0pHRnZhWUN2QmlrWjFkTGhaWHBvWVZRaWo4bmlfQkpPN242MFhXQ3RlLXdQclVDUQ?oc=5\" target=\"_blank\" rel=\"nofollow noopener\">Ishockey: Felix Nilsson hj\u00e4lte n\u00e4r R\u00f6gle slog F\u00e4rjestad<\/a>&nbsp;&nbsp;SVT Nyheter<\/li>\n<\/ol>\n","protected":false},"excerpt":{"rendered":"Kr\u00f6nika: Otroligt bra mot favoritmotst\u00e5ndet \u2013 en tidig julklapp till laget&nbsp;&nbsp;NWT R\u00f6gle vann mot F\u00e4rjestad \u2013 igen&nbsp;&nbsp;Aftonbladet \u201dH\u00e4r&hellip;\n","protected":false},"author":2,"featured_media":112318,"comment_status":"","ping_status":"","sticky":false,"template":"","format":"standard","meta":{"footnotes":""},"categories":[68],"tags":[34,111,110,31,33,32,30],"class_list":{"0":"post-112317","1":"post","2":"type-post","3":"status-publish","4":"format-standard","5":"has-post-thumbnail","7":"category-sport","8":"tag-se","9":"tag-sport","10":"tag-sports","11":"tag-svenska","12":"tag-sverige","13":"tag-sweden","14":"tag-swedish"},"share_on_mastodon":{"url":"https:\/\/pubeurope.com\/@se\/115753746759344958","error":""},"_links":{"self":[{"href":"https:\/\/www.europesays.com\/se\/wp-json\/wp\/v2\/posts\/112317","targetHints":{"allow":["GET"]}}],"collection":[{"href":"https:\/\/www.europesays.com\/se\/wp-json\/wp\/v2\/posts"}],"about":[{"href":"https:\/\/www.europesays.com\/se\/wp-json\/wp\/v2\/types\/post"}],"author":[{"embeddable":true,"href":"https:\/\/www.europesays.com\/se\/wp-json\/wp\/v2\/users\/2"}],"replies":[{"embeddable":true,"href":"https:\/\/www.europesays.com\/se\/wp-json\/wp\/v2\/comments?post=112317"}],"version-history":[{"count":0,"href":"https:\/\/www.europesays.com\/se\/wp-json\/wp\/v2\/posts\/112317\/revisions"}],"wp:featuredmedia":[{"embeddable":true,"href":"https:\/\/www.europesays.com\/se\/wp-json\/wp\/v2\/media\/112318"}],"wp:attachment":[{"href":"https:\/\/www.europesays.com\/se\/wp-json\/wp\/v2\/media?parent=112317"}],"wp:term":[{"taxonomy":"category","embeddable":true,"href":"https:\/\/www.europesays.com\/se\/wp-json\/wp\/v2\/categories?post=112317"},{"taxonomy":"post_tag","embeddable":true,"href":"https:\/\/www.europesays.com\/se\/wp-json\/wp\/v2\/tags?post=112317"}],"curies":[{"name":"wp","href":"https:\/\/api.w.org\/{rel}","templated":true}]}}