{"id":112319,"date":"2025-12-20T20:19:08","date_gmt":"2025-12-20T20:19:08","guid":{"rendered":"https:\/\/www.europesays.com\/se\/112319\/"},"modified":"2025-12-20T20:19:08","modified_gmt":"2025-12-20T20:19:08","slug":"gry-forssells-hanfulla-skamt-till-eric-saade-i-korslaget","status":"publish","type":"post","link":"https:\/\/www.europesays.com\/se\/112319\/","title":{"rendered":"Gry Forssells h\u00e5nfulla sk\u00e4mt till Eric Saade i \u201dK\u00f6rslaget\u201d"},"content":{"rendered":"<p>Publicerad 20 dec 2025 kl 20.57<\/p>\n<p>\u201dK\u00f6rslaget\u201d \u00e4r tillbaka i TV4, men utan Gry Forssell.<\/p>\n<p>I kv\u00e4llens avsnitt f\u00e5r Eric Saade en julklapp \u2013 i form av ett h\u00e5nfullt sk\u00e4mt.\u00a0<\/p>\n<p>\u2013\u00a0Vem \u00e4r det h\u00e4r? fr\u00e5gar den nya programledaren.\u00a0<\/p>\n<p>Senaste klippen fr\u00e5n Expressen inom n\u00f6je.<img   alt=\"\"\/>\u00d6ppna bild i helsk\u00e4rm<\/p>\n<p>\u201dK\u00f6rslaget\u201d har \u00e5teruppst\u00e5tt efter tolv \u00e5r i graven. I den nya s\u00e4songen, som hade premi\u00e4r f\u00f6rra veckan, agerar sex k\u00e4nda artister k\u00f6rledare och t\u00e4vlar mot varandra.<\/p>\n<p>Artisterna som st\u00e4lls mot varandra \u00e4r Joakim Lundell, John Lundvik, Klara Hammarstr\u00f6m, Eric Gadd, Linnea Henriksson och Janice Kavander. Varje vecka tvingas en k\u00f6r och k\u00f6rledare l\u00e4mna t\u00e4vlingen.<\/p>\n<p>I kv\u00e4llens program framf\u00f6rde k\u00f6rerna l\u00e5tar p\u00e5 temat \u201dBillboard bangers\u201d, men n\u00e4r John Lundvik och Sthlm East Gospel Choir hade framf\u00f6rt \u201dFreedom!\u201d av George Michael riktades fokus mot programledaren <a href=\"https:\/\/www.expressen.se\/tagg\/person\/eric-saade\/\" class=\"\" rel=\"nofollow noopener\" target=\"_blank\">Eric Saade<\/a> \u2013 och hans f\u00f6reg\u00e5ngare.\u00a0<\/p>\n<p>In p\u00e5 scen kommer en person som arbetar i produktionen. I h\u00e4nderna har hon en julklapp som hon l\u00e4mnar \u00f6ver till Saade.<\/p>\n<p>\u2013 N\u00e4men, fick jag en liten julklapp h\u00e4r? s\u00e4ger han och tar emot den.<\/p>\n<p><img loading=\"lazy\"   alt=\"\"\/><\/p>\n<p>Mitt i s\u00e4ndningen f\u00e5r Eric Saade en julklapp fr\u00e5n en person i produktionen.<\/p>\n<p>Foto: TV4<\/p>\n<p>\u00d6ppna bild i helsk\u00e4rm\u201dJag brukade vara du fast b\u00e4ttre\u201d<\/p>\n<p>Inuti paketet \u00e4r en bild p\u00e5 den tidigare programledaren Gry Forssell tillsammans med en liten lapp.\u00a0<\/p>\n<p>Eric Saade l\u00e4ser h\u00f6gt:<\/p>\n<p>\u2013 Jag brukade vara du fast b\u00e4ttre, l\u00e4ser han.<\/p>\n<p>\u2013\u00a0Vem \u00e4r det h\u00e4r? Victoria Silvstedt? s\u00e4ger han och publiken skrattar.\u00a0<\/p>\n<p><img loading=\"lazy\"   alt=\"\"\/><\/p>\n<p>I paketet \u00e4r en bild p\u00e5 Gry Forssell och texten \u201dJag brukade vara du fast b\u00e4ttre\u201d.<\/p>\n<p>Foto: TV4<\/p>\n<p>\u00d6ppna bild i helsk\u00e4rm<img loading=\"lazy\"   alt=\"\"\/><\/p>\n<p>Eric Saade ser f\u00f6rvirrad ut och fr\u00e5gar sk\u00e4mtsamt om det \u00e4r Victoria Silvstedt p\u00e5 bilden.<\/p>\n<p>Foto: TV4<\/p>\n<p>\u00d6ppna bild i helsk\u00e4rm<\/p>\n","protected":false},"excerpt":{"rendered":"Publicerad 20 dec 2025 kl 20.57 \u201dK\u00f6rslaget\u201d \u00e4r tillbaka i TV4, men utan Gry Forssell. I kv\u00e4llens avsnitt&hellip;\n","protected":false},"author":2,"featured_media":112320,"comment_status":"","ping_status":"","sticky":false,"template":"","format":"standard","meta":{"footnotes":""},"categories":[67],"tags":[104,11798,384,11871,3269,34,645,31,33,32,30,310,105],"class_list":{"0":"post-112319","1":"post","2":"type-post","3":"status-publish","4":"format-standard","5":"has-post-thumbnail","7":"category-underhallning","8":"tag-entertainment","9":"tag-organization-korslaget","10":"tag-organization-tv4","11":"tag-person-eric-saade","12":"tag-person-gry-forssell","13":"tag-se","14":"tag-sections-tv","15":"tag-svenska","16":"tag-sverige","17":"tag-sweden","18":"tag-swedish","19":"tag-topic-kandisar","20":"tag-underhallning"},"share_on_mastodon":{"url":"https:\/\/pubeurope.com\/@se\/115753750558172010","error":""},"_links":{"self":[{"href":"https:\/\/www.europesays.com\/se\/wp-json\/wp\/v2\/posts\/112319","targetHints":{"allow":["GET"]}}],"collection":[{"href":"https:\/\/www.europesays.com\/se\/wp-json\/wp\/v2\/posts"}],"about":[{"href":"https:\/\/www.europesays.com\/se\/wp-json\/wp\/v2\/types\/post"}],"author":[{"embeddable":true,"href":"https:\/\/www.europesays.com\/se\/wp-json\/wp\/v2\/users\/2"}],"replies":[{"embeddable":true,"href":"https:\/\/www.europesays.com\/se\/wp-json\/wp\/v2\/comments?post=112319"}],"version-history":[{"count":0,"href":"https:\/\/www.europesays.com\/se\/wp-json\/wp\/v2\/posts\/112319\/revisions"}],"wp:featuredmedia":[{"embeddable":true,"href":"https:\/\/www.europesays.com\/se\/wp-json\/wp\/v2\/media\/112320"}],"wp:attachment":[{"href":"https:\/\/www.europesays.com\/se\/wp-json\/wp\/v2\/media?parent=112319"}],"wp:term":[{"taxonomy":"category","embeddable":true,"href":"https:\/\/www.europesays.com\/se\/wp-json\/wp\/v2\/categories?post=112319"},{"taxonomy":"post_tag","embeddable":true,"href":"https:\/\/www.europesays.com\/se\/wp-json\/wp\/v2\/tags?post=112319"}],"curies":[{"name":"wp","href":"https:\/\/api.w.org\/{rel}","templated":true}]}}