{"id":112322,"date":"2025-12-20T20:26:08","date_gmt":"2025-12-20T20:26:08","guid":{"rendered":"https:\/\/www.europesays.com\/se\/112322\/"},"modified":"2025-12-20T20:26:08","modified_gmt":"2025-12-20T20:26:08","slug":"hv71-mot-djurgarden-skots-upp-pa-grund-av-pyroteknik","status":"publish","type":"post","link":"https:\/\/www.europesays.com\/se\/112322\/","title":{"rendered":"HV71 mot Djurg\u00e5rden sk\u00f6ts upp p\u00e5 grund av pyroteknik"},"content":{"rendered":"<p>Publicerad 20 dec 2025 kl 18.16Uppdaterad kl 21.13<\/p>\n<p>Djurg\u00e5rdens bortasektion t\u00f6mdes i J\u00f6nk\u00f6ping.<\/p>\n<p>F\u00f6r efter en ant\u00e4nd pyroteknisk pj\u00e4s sk\u00f6ts matchen mot HV71 upp.<\/p>\n<p>\u2013 Helt idiotiskt, s\u00e4ger Joel Lundqvist i TV4.<\/p>\n<p><img   alt=\"\"\/> <\/p>\n<p>Foto: MATHIAS BERGELD \/ BILDBYR\u00c5N<\/p>\n<p>\u00d6ppna bild i helsk\u00e4rm<img loading=\"lazy\"   alt=\"\"\/> <\/p>\n<p>Foto: MATHIAS BERGELD \/ BILDBYR\u00c5N<\/p>\n<p>\u00d6ppna bild i helsk\u00e4rm<\/p>\n<p>18.00 startade endast tre av fyra av de sena l\u00f6rdagsmatcherna i SHL.<\/p>\n<p>Den som inte startade i tid var <a href=\"https:\/\/www.expressen.se\/tagg\/organization\/hv71\/\" class=\"\" rel=\"nofollow noopener\" target=\"_blank\">HV71<\/a>:s hemmamatch med Djurg\u00e5rden p\u00e5 bes\u00f6k.<\/p>\n<p>Detta d\u00e5 bortasupportrarna ant\u00e4nt en blinkande pyroteknisk pj\u00e4s inf\u00f6r matchstart. I samband med det sk\u00f6ts matchstarten upp, bortasupportrarna fick l\u00e4mna sin sektion och sektionen genoms\u00f6ktes.<\/p>\n<p>\u2013 Helt meningsl\u00f6st. Du vet om f\u00f6ruts\u00e4ttningarna med avbruten match. Du f\u00f6rst\u00f6r f\u00f6r egna fans som \u00e5ker dit. Helt idiotiskt och meningsl\u00f6st, s\u00e4ger TV4-experten Joel Lundqvist.<\/p>\n<p>Fr\u00f6lundaikonen var inte imponerad<\/p>\n<p>\u2013 Jag hoppas att man inte sl\u00e4pper efter och att det normaliseras p\u00e5 n\u00e5got vis. Det ska markeras kraftfullt, personer ska ut fr\u00e5n arenan och inte ha tilltr\u00e4de igen.<\/p>\n<p>\u201dSka inte ha tilltr\u00e4de igen\u201d<\/p>\n<p>N\u00e5gon st\u00f6rre r\u00f6kutveckling uppstod inte i arenan och situationen lugnade sig snabbt. F\u00f6rst 14 minuter efter utsatt matchstart kunde domarna sl\u00e4ppa pucken i Husqvarna garden. Efter halva f\u00f6rsta perioden fick supportarna ocks\u00e5 \u00e5terv\u00e4nda.<\/p>\n<p>En stund senare svarade SHL-basen Johan Hemlin att arbetet efter\u00e5t g\u00e5tt som t\u00e4nkt med t\u00f6mning av sektionen och omvisitation av bortasupportrarna.<\/p>\n<p>\u2013 Det \u00e4r praxis n\u00e4r vi har en incident&#8230; jag fick en rapport att det l\u00f6pt p\u00e5 v\u00e4ldigt, v\u00e4ldigt bra. Det \u00e4r s\u00e4llsynt i SHL, s\u00e5 det \u00e4r viktigt att vi h\u00e5ller ordning, s\u00e4ger Hemlin i TV4.<\/p>\n<p>De senaste s\u00e4songerna har flera liknande incidenter uppst\u00e5tt, oftast i hockeyallsvenskan. Det vanligaste straffet brukar bli flaggf\u00f6rbud och b\u00f6ter.<\/p>\n<p>Matchen slutade 5\u20132 till HV71.<\/p>\n","protected":false},"excerpt":{"rendered":"Publicerad 20 dec 2025 kl 18.16Uppdaterad kl 21.13 Djurg\u00e5rdens bortasektion t\u00f6mdes i J\u00f6nk\u00f6ping. F\u00f6r efter en ant\u00e4nd pyroteknisk&hellip;\n","protected":false},"author":2,"featured_media":112323,"comment_status":"","ping_status":"","sticky":false,"template":"","format":"standard","meta":{"footnotes":""},"categories":[68],"tags":[814,1354,34,255,823,111,110,31,33,32,30],"class_list":{"0":"post-112322","1":"post","2":"type-post","3":"status-publish","4":"format-standard","5":"has-post-thumbnail","7":"category-sport","8":"tag-organization-djurgarden-hockey","9":"tag-organization-hv71","10":"tag-se","11":"tag-sections-ishockey","12":"tag-sections-shl","13":"tag-sport","14":"tag-sports","15":"tag-svenska","16":"tag-sverige","17":"tag-sweden","18":"tag-swedish"},"share_on_mastodon":{"url":"https:\/\/pubeurope.com\/@se\/115753778162832685","error":""},"_links":{"self":[{"href":"https:\/\/www.europesays.com\/se\/wp-json\/wp\/v2\/posts\/112322","targetHints":{"allow":["GET"]}}],"collection":[{"href":"https:\/\/www.europesays.com\/se\/wp-json\/wp\/v2\/posts"}],"about":[{"href":"https:\/\/www.europesays.com\/se\/wp-json\/wp\/v2\/types\/post"}],"author":[{"embeddable":true,"href":"https:\/\/www.europesays.com\/se\/wp-json\/wp\/v2\/users\/2"}],"replies":[{"embeddable":true,"href":"https:\/\/www.europesays.com\/se\/wp-json\/wp\/v2\/comments?post=112322"}],"version-history":[{"count":0,"href":"https:\/\/www.europesays.com\/se\/wp-json\/wp\/v2\/posts\/112322\/revisions"}],"wp:featuredmedia":[{"embeddable":true,"href":"https:\/\/www.europesays.com\/se\/wp-json\/wp\/v2\/media\/112323"}],"wp:attachment":[{"href":"https:\/\/www.europesays.com\/se\/wp-json\/wp\/v2\/media?parent=112322"}],"wp:term":[{"taxonomy":"category","embeddable":true,"href":"https:\/\/www.europesays.com\/se\/wp-json\/wp\/v2\/categories?post=112322"},{"taxonomy":"post_tag","embeddable":true,"href":"https:\/\/www.europesays.com\/se\/wp-json\/wp\/v2\/tags?post=112322"}],"curies":[{"name":"wp","href":"https:\/\/api.w.org\/{rel}","templated":true}]}}