{"id":112324,"date":"2025-12-20T20:27:09","date_gmt":"2025-12-20T20:27:09","guid":{"rendered":"https:\/\/www.europesays.com\/se\/112324\/"},"modified":"2025-12-20T20:27:09","modified_gmt":"2025-12-20T20:27:09","slug":"tidskikaren-fran-julkalendern-en-riktig-besoksraket-for-museet","status":"publish","type":"post","link":"https:\/\/www.europesays.com\/se\/112324\/","title":{"rendered":"Tidskikaren fr\u00e5n julkalendern \u2013 en riktig bes\u00f6ksraket f\u00f6r museet"},"content":{"rendered":"<p>Alla som f\u00f6ljer julkalendern Tidstjuven vet att tidskikaren har en stor betydelse. Den har sk\u00e4nkts till Gotlands Museum fr\u00e5n Miso Film, produktionsbolaget bakom julkalendern.Annelie Adolfsson \u00e4r verksamhetsansvarig f\u00f6r butik och bes\u00f6k p\u00e5 Gotlands Museum samt VD f\u00f6r Bungemuseet. N\u00e4r det visade sig att Gotlands Museum skulle f\u00e5 tidskikaren blev hon \u00f6verraskad.\u2013 Delar av<\/p>\n","protected":false},"excerpt":{"rendered":"Alla som f\u00f6ljer julkalendern Tidstjuven vet att tidskikaren har en stor betydelse. Den har sk\u00e4nkts till Gotlands Museum&hellip;\n","protected":false},"author":2,"featured_media":112325,"comment_status":"","ping_status":"","sticky":false,"template":"","format":"standard","meta":{"footnotes":""},"categories":[67],"tags":[104,34,31,33,32,30,105],"class_list":{"0":"post-112324","1":"post","2":"type-post","3":"status-publish","4":"format-standard","5":"has-post-thumbnail","7":"category-underhallning","8":"tag-entertainment","9":"tag-se","10":"tag-svenska","11":"tag-sverige","12":"tag-sweden","13":"tag-swedish","14":"tag-underhallning"},"share_on_mastodon":{"url":"https:\/\/pubeurope.com\/@se\/115753781997514929","error":""},"_links":{"self":[{"href":"https:\/\/www.europesays.com\/se\/wp-json\/wp\/v2\/posts\/112324","targetHints":{"allow":["GET"]}}],"collection":[{"href":"https:\/\/www.europesays.com\/se\/wp-json\/wp\/v2\/posts"}],"about":[{"href":"https:\/\/www.europesays.com\/se\/wp-json\/wp\/v2\/types\/post"}],"author":[{"embeddable":true,"href":"https:\/\/www.europesays.com\/se\/wp-json\/wp\/v2\/users\/2"}],"replies":[{"embeddable":true,"href":"https:\/\/www.europesays.com\/se\/wp-json\/wp\/v2\/comments?post=112324"}],"version-history":[{"count":0,"href":"https:\/\/www.europesays.com\/se\/wp-json\/wp\/v2\/posts\/112324\/revisions"}],"wp:featuredmedia":[{"embeddable":true,"href":"https:\/\/www.europesays.com\/se\/wp-json\/wp\/v2\/media\/112325"}],"wp:attachment":[{"href":"https:\/\/www.europesays.com\/se\/wp-json\/wp\/v2\/media?parent=112324"}],"wp:term":[{"taxonomy":"category","embeddable":true,"href":"https:\/\/www.europesays.com\/se\/wp-json\/wp\/v2\/categories?post=112324"},{"taxonomy":"post_tag","embeddable":true,"href":"https:\/\/www.europesays.com\/se\/wp-json\/wp\/v2\/tags?post=112324"}],"curies":[{"name":"wp","href":"https:\/\/api.w.org\/{rel}","templated":true}]}}