{"id":112326,"date":"2025-12-20T20:31:26","date_gmt":"2025-12-20T20:31:26","guid":{"rendered":"https:\/\/www.europesays.com\/se\/112326\/"},"modified":"2025-12-20T20:31:26","modified_gmt":"2025-12-20T20:31:26","slug":"aldre-onskar-sig-lugn-och-gemenskap-i-jul","status":"publish","type":"post","link":"https:\/\/www.europesays.com\/se\/112326\/","title":{"rendered":"\u00c4ldre \u00f6nskar sig lugn och gemenskap i jul"},"content":{"rendered":"<p>&#13;<br \/>\n\t\t\t\t\t\t\t\t\t\t\t\t\t\t\t\t\t\t\t\t\t\tMedan barn och ungdomar \u00f6nskar sig prylar som gosedjur och mobiler blir lugn och ro och tid tillsammans viktigare ju \u00e4ldre man blir. \t\t\t\t\t\t\t\t\t\t\t&#13;<br \/>\n\t\t\t\t\t\t\t\t\t\t\t\tFoto: Getty Images\t\t\t\t\t\t\t\t\t\t\t&#13;\n\t\t\t\t\t\t\t\t\t\t<\/p>\n<p class=\"ingress\">&#13;<br \/>\n\t\t\t\t\t\t\t\t\t\t\tVad vill svenskarna egentligen ha i julklapp? \u00d6nskningarna f\u00f6r\u00e4ndras med \u00e5ldern. \u00c4ldre vill hellre ha lugn och gemenskap \u00e4n prylar. Det visar en unders\u00f6kning fr\u00e5n Svensk Handel. \t\t\t\t\t\t\t\t\t\t<\/p>\n<p>&#13;<br \/>\n\t\t\t\t\t\t\t\t\t\t\t\t\t\tAnna B\u00e4s\u00e9n\t\t\t\t\t\t\t\t\t\t\t\t\t<\/p>\n<p>&#13;<br \/>\n\t\t\t\t\t\t\t\t\t\t\t\t\t\tPublicerad 2025-12-19&#13;\n\t\t\t\t\t\t\t\t\t\t\t\t\t<\/p>\n<p>Julhandeln \u00e4r inne i sin mest hektiska fas och m\u00e5nga stressar \u00f6ver de sista julklapparna.<\/p>\n<p>Men vad vill m\u00e4nniskor egentligen ha ? <\/p>\n<p>\u00d6nskningarna \u00e4ndrar sig med \u00e5ren<\/p>\n<p>En ny unders\u00f6kning fr\u00e5n <a href=\"https:\/\/www.svenskhandel.se\/nyhetscenter\/pressmeddelanden\/husdjur-lego-och-tid-tillsammans--det-har-onskar-sig-svenskarna-i-julklapp\/\" rel=\"nofollow noopener\" target=\"_blank\">Svensk Handel <\/a>visar att \u00f6nskningarna f\u00f6r\u00e4ndras tydligt med \u00e5ldern.<\/p>\n<p>Barn dr\u00f6mmer om gosedjur och lego. Yngre vuxna g\u00e4rna vill ha mobiltelefoner, kl\u00e4der och smink. Men \u00f6nskelistan blir kortare \u2013 och mjukare \u2013 ju \u00e4ldre man blir.<\/p>\n<p>\u00c4ldre vill inte ha prylar<\/p>\n<p>Ju \u00e4ldre vi blir, desto mindre betydelse f\u00e5r prylar. I st\u00e4llet blir relationer, trygghet och tid tillsammans allt viktigare.<\/p>\n<p>Bland personer mellan 65 och 84 \u00e5r toppar s\u00e5dant som fred p\u00e5 jorden, att familjen m\u00e5r bra, lugn och ro samt tid tillsammans \u00f6nskelistan. B\u00f6cker \u00e4r den enda mer traditionella julklappen \u00e4ldre \u00f6nskar sig.<\/p>\n<p>Handlar inte om den dyraste julklappen<\/p>\n<p>Enligt Svensk Handels g\u00e5voexpert Brill Ivarsson handlar julklappar ofta inte om att k\u00f6pa dyra presenter.<\/p>\n<p>\u2013 Unders\u00f6kningen visar att m\u00e5nga m\u00e4nniskors \u00f6nskningar i praktiken \u00e4r gratis, s\u00e4ger han.<\/p>\n<p>Samma m\u00f6nster bland 50-plussare<\/p>\n<p>\u00c4ven bland personer mellan 50 och 64 \u00e5r syns samma m\u00f6nster. H\u00e4r hamnar lugn och ro, familjens v\u00e4lm\u00e5ende och fred h\u00f6gt p\u00e5 \u00f6nskelistan. <\/p>\n<p>Samtidigt \u00e4r upplevelser och pengar n\u00e5got som man \u00f6nskar sig.<\/p>\n<p>Barn och unga vuxna vill ha annat<\/p>\n<p>F\u00f6r barn ser \u00f6nskelistan annorlunda ut. Yngre barn \u00f6nskar sig fr\u00e4mst leksaker som gosedjur och lego, medan ton\u00e5ringar helst vill ha pengar, kl\u00e4der och teknik.<\/p>\n<p>Bland unga vuxna st\u00e5r hemmet och vardagen i fokus. H\u00e4r \u00e4r heminredning, b\u00f6cker, elektronik och pengar vanliga julklappar.<\/p>\n<p>B\u00e4sta julklappen att vara tillsammans<\/p>\n<p>Brill Andersson p\u00e5minner ocks\u00e5 om att en bra julklapp utg\u00e5r fr\u00e5n vad mottagaren vill ha \u2013 inte fr\u00e5n den som k\u00f6per.<\/p>\n<p>Samtidigt kan unders\u00f6kningen lugna den som inte hunnit k\u00f6pa alla julklappar.<\/p>\n<p>F\u00f6r m\u00e5nga \u00e4r det viktigaste inte vad som ligger i paketet \u2013 utan att man visar omtanke. Att vara tillsammans, umg\u00e5s och kanske spela spel ihop, kan vara betydligt mer v\u00e4rt \u00e4n en dyr julklapp under granen.  <\/p>\n<p>\t\t\t\t\t\t\t\t\t\t\t&#13;<br \/>\n\t\t\t\t\t\t\tSvenskarnas \u00f6nskelista\t\t\t\t\t\t<\/p>\n<p>Det h\u00e4r \u00f6nskar sig svenskarna i julklapp:<\/p>\n<p><strong>Barn 0 till 5 \u00e5r:<\/strong><br \/>Leksaksfordon<br \/>Husdjur<br \/>Gosedjur<br \/>Lego\/Duplo<br \/>Docka\/Dockhus<\/p>\n<p><strong>Barn 6 till 11 \u00e5r:<\/strong><br \/>Lego<br \/>Smarta prylar<br \/>Sportrelaterat<br \/>Leksaksfordon<br \/>Kl\u00e4der<\/p>\n<p><strong>Barn 12 till 17 \u00e5r:<\/strong><br \/>Pengar<br \/>Kl\u00e4der<br \/>Musikrelaterat<br \/>Mobiltelefon\/H\u00f6rlurar<br \/>Smink och sk\u00f6nhetsprodukter<\/p>\n<p><strong>Vuxna 18 till 34 \u00e5r:<\/strong><br \/>Heminredning<br \/>Pengar<br \/>Mode<br \/>B\u00f6cker<br \/>Elektronik<\/p>\n<p><strong>Vuxna 35 till 49 \u00e5r:<\/strong><br \/>Heminredning<br \/>Mode<br \/>Lugn och ro<br \/>Upplevelser<br \/>Tr\u00e4ningsprylar<\/p>\n<p><strong>Vuxna 50 till 64 \u00e5r:<\/strong><br \/>Fred p\u00e5 jorden<br \/>Lugn och ro<br \/>Upplevelser<br \/>Att familjen m\u00e5r bra<br \/>Pengar<\/p>\n<p><strong>Vuxna 65 till 84 \u00e5r:<\/strong><br \/>Fred p\u00e5 jorden<br \/>Att familjen m\u00e5r bra<br \/>Lugn och ro<br \/>B\u00f6cker<br \/>Tid med familjen<\/p>\n<p>Unders\u00f6kningen genomf\u00f6rdes mellan den 1 och 9 december 2025 och bygger p\u00e5 svar fr\u00e5n 2 056 personer i den svenska allm\u00e4nheten i \u00e5ldrarna 18\u201384 \u00e5r. Datainsamlingen skedde via webbintervjuer i Novus slumpm\u00e4ssigt rekryterade Sverigepanel,<\/p>\n<p>K\u00e4lla: Svensk Handel <\/p>\n<p>&#13;<br \/>\n\t\t\t\t\t\t\t\t\t\t\t\t\tAnna B\u00e4s\u00e9n\t\t\t\t\t\t\t\t\t\t\t\t<\/p>\n<p>&#13;<br \/>\n\t\t\t\t\t\t\t\t\t\t\t\t\tPublicerad 2025-12-19&#13;\n\t\t\t\t\t\t\t\t\t\t\t\t<\/p>\n","protected":false},"excerpt":{"rendered":"&#13; Medan barn och ungdomar \u00f6nskar sig prylar som gosedjur och mobiler blir lugn och ro och tid&hellip;\n","protected":false},"author":2,"featured_media":112327,"comment_status":"","ping_status":"","sticky":false,"template":"","format":"standard","meta":{"footnotes":""},"categories":[12],"tags":[22,23,26,27,17,21,24,25,28,29,15,16,18,34,31,33,32,30,19,20],"class_list":{"0":"post-112326","1":"post","2":"type-post","3":"status-publish","4":"format-standard","5":"has-post-thumbnail","7":"category-sverige","8":"tag-breaking-news","9":"tag-breakingnews","10":"tag-featured-news","11":"tag-featurednews","12":"tag-headlines","13":"tag-huvudnyheter","14":"tag-latest-news","15":"tag-latestnews","16":"tag-main-news","17":"tag-mainnews","18":"tag-news","19":"tag-nyheter","20":"tag-rubriker","21":"tag-se","22":"tag-svenska","23":"tag-sverige","24":"tag-sweden","25":"tag-swedish","26":"tag-top-stories","27":"tag-topstories"},"share_on_mastodon":{"url":"https:\/\/pubeurope.com\/@se\/115753797759717008","error":""},"_links":{"self":[{"href":"https:\/\/www.europesays.com\/se\/wp-json\/wp\/v2\/posts\/112326","targetHints":{"allow":["GET"]}}],"collection":[{"href":"https:\/\/www.europesays.com\/se\/wp-json\/wp\/v2\/posts"}],"about":[{"href":"https:\/\/www.europesays.com\/se\/wp-json\/wp\/v2\/types\/post"}],"author":[{"embeddable":true,"href":"https:\/\/www.europesays.com\/se\/wp-json\/wp\/v2\/users\/2"}],"replies":[{"embeddable":true,"href":"https:\/\/www.europesays.com\/se\/wp-json\/wp\/v2\/comments?post=112326"}],"version-history":[{"count":0,"href":"https:\/\/www.europesays.com\/se\/wp-json\/wp\/v2\/posts\/112326\/revisions"}],"wp:featuredmedia":[{"embeddable":true,"href":"https:\/\/www.europesays.com\/se\/wp-json\/wp\/v2\/media\/112327"}],"wp:attachment":[{"href":"https:\/\/www.europesays.com\/se\/wp-json\/wp\/v2\/media?parent=112326"}],"wp:term":[{"taxonomy":"category","embeddable":true,"href":"https:\/\/www.europesays.com\/se\/wp-json\/wp\/v2\/categories?post=112326"},{"taxonomy":"post_tag","embeddable":true,"href":"https:\/\/www.europesays.com\/se\/wp-json\/wp\/v2\/tags?post=112326"}],"curies":[{"name":"wp","href":"https:\/\/api.w.org\/{rel}","templated":true}]}}