{"id":112330,"date":"2025-12-20T20:43:14","date_gmt":"2025-12-20T20:43:14","guid":{"rendered":"https:\/\/www.europesays.com\/se\/112330\/"},"modified":"2025-12-20T20:43:14","modified_gmt":"2025-12-20T20:43:14","slug":"malm-avgar-som-standig-sekreterare-ingrid-carlberg-tar-over","status":"publish","type":"post","link":"https:\/\/www.europesays.com\/se\/112330\/","title":{"rendered":"Malm avg\u00e5r som st\u00e4ndig sekreterare \u2013 Ingrid Carlberg tar \u00f6ver"},"content":{"rendered":"<p>Mats Malm avg\u00e5r som Svenska Akademiens st\u00e4ndige sekreterare och ers\u00e4tts av ledamoten Ingrid Carlberg. <\/p>\n<p>\u2013 Det har varit ett privilegium att arbeta f\u00f6r Akademien som st\u00e4ndig sekreterare. Sju \u00e5r \u00e4r en rimlig mandatperiod, och som en del i uppdraget har jag allts\u00e5 f\u00f6rberett ett skifte p\u00e5 posten, s\u00e4ger 61-\u00e5rige Malm. <\/p>\n<p>\u2013 Jag \u00e4r oerh\u00f6rt hedrad \u00f6ver det stora f\u00f6rtroende som Akademien har visat mig, s\u00e4ger den 64-\u00e5riga journalisten och f\u00f6rfattaren Carlberg, som blir Akademiens andra kvinnliga st\u00e4ndiga sekreterare efter Sara Danius. <\/p>\n","protected":false},"excerpt":{"rendered":"Mats Malm avg\u00e5r som Svenska Akademiens st\u00e4ndige sekreterare och ers\u00e4tts av ledamoten Ingrid Carlberg. \u2013 Det har varit&hellip;\n","protected":false},"author":2,"featured_media":793,"comment_status":"","ping_status":"","sticky":false,"template":"","format":"standard","meta":{"footnotes":""},"categories":[67],"tags":[104,34,31,33,32,30,105],"class_list":{"0":"post-112330","1":"post","2":"type-post","3":"status-publish","4":"format-standard","5":"has-post-thumbnail","7":"category-underhallning","8":"tag-entertainment","9":"tag-se","10":"tag-svenska","11":"tag-sverige","12":"tag-sweden","13":"tag-swedish","14":"tag-underhallning"},"share_on_mastodon":{"url":"https:\/\/pubeurope.com\/@se\/115753844998074626","error":""},"_links":{"self":[{"href":"https:\/\/www.europesays.com\/se\/wp-json\/wp\/v2\/posts\/112330","targetHints":{"allow":["GET"]}}],"collection":[{"href":"https:\/\/www.europesays.com\/se\/wp-json\/wp\/v2\/posts"}],"about":[{"href":"https:\/\/www.europesays.com\/se\/wp-json\/wp\/v2\/types\/post"}],"author":[{"embeddable":true,"href":"https:\/\/www.europesays.com\/se\/wp-json\/wp\/v2\/users\/2"}],"replies":[{"embeddable":true,"href":"https:\/\/www.europesays.com\/se\/wp-json\/wp\/v2\/comments?post=112330"}],"version-history":[{"count":0,"href":"https:\/\/www.europesays.com\/se\/wp-json\/wp\/v2\/posts\/112330\/revisions"}],"wp:featuredmedia":[{"embeddable":true,"href":"https:\/\/www.europesays.com\/se\/wp-json\/wp\/v2\/media\/793"}],"wp:attachment":[{"href":"https:\/\/www.europesays.com\/se\/wp-json\/wp\/v2\/media?parent=112330"}],"wp:term":[{"taxonomy":"category","embeddable":true,"href":"https:\/\/www.europesays.com\/se\/wp-json\/wp\/v2\/categories?post=112330"},{"taxonomy":"post_tag","embeddable":true,"href":"https:\/\/www.europesays.com\/se\/wp-json\/wp\/v2\/tags?post=112330"}],"curies":[{"name":"wp","href":"https:\/\/api.w.org\/{rel}","templated":true}]}}