{"id":112370,"date":"2025-12-20T22:29:18","date_gmt":"2025-12-20T22:29:18","guid":{"rendered":"https:\/\/www.europesays.com\/se\/112370\/"},"modified":"2025-12-20T22:29:18","modified_gmt":"2025-12-20T22:29:18","slug":"stark-november-for-e-handeln-tidningen-naringslivet","status":"publish","type":"post","link":"https:\/\/www.europesays.com\/se\/112370\/","title":{"rendered":"Stark november f\u00f6r e-handeln | Tidningen N\u00e4ringslivet"},"content":{"rendered":"<p>\t\t\t\t\t<a href=\"https:\/\/www.tn.se\/e-handelns-utveckling\/\" rel=\"nofollow noopener\" target=\"_blank\"><br \/>\n\t\t\t\tE-HANDELNS UTVECKLING<br \/>\n\t\t\t<\/a><\/p>\n<p>\t\t\t\t<img decoding=\"async\" class=\"figure-img img-fluid\"  src=\"https:\/\/www.europesays.com\/se\/wp-content\/uploads\/2025\/12\/1766269758_322_bilder.tn.se\" alt=\"\" itemprop=\"image\"\/><\/p>\n<p>\t\t\t\t\t\t\t\t\tAndelen som e-handlade fr\u00e5n utlandet var 27 procent i november. Den tidigare toppnoteringen var i april i \u00e5r p\u00e5 24 procent. Arkivbild.<br \/>\n\t\t\t\t\t\t\t\t\t\t\t\t\tBild:<br \/>\n\t\t\t\t\tTim Aro\/TT<\/p>\n<p class=\"ew-preamble\" itemprop=\"description\">Oms\u00e4ttningen f\u00f6r e-handeln i november uppgick till 18,5 miljarder kronor \u2013 en \u00f6kning med tre procent, uppskattar Svensk Handel.<\/p>\n<p>\n\t\tPublicerad:<br \/>\n\t\t19 dec 2025, 08:00\n\t<\/p>\n<p>\n\t\t\tUppdaterad:<br \/>\n\t\t\t19 dec 2025, 13:45\n\t\t<\/p>\n<p class=\"ew-body\">Andelen konsumenter som e-handlade uppm\u00e4ttes till 77 procent, vilket \u00e4r den h\u00f6gsta andelen en enskild m\u00e5nad sedan m\u00e4tningarna inleddes 2020. Tidigare toppnotering p\u00e5 76 procent var i november i fjol.<\/p>\n<p class=\"ew-body\">Per Ljungberg, innovationschef p\u00e5 branschorganisationen, s\u00e4ger att det \u00e4r sj\u00e4tte m\u00e5naden i rad som man ser en \u00f6kning j\u00e4mf\u00f6rt med samma m\u00e5nad f\u00f6reg\u00e5ende \u00e5r.<\/p>\n<p class=\"ew-body\">Andelen som e-handlade fr\u00e5n utlandet var 27 procent i november. Den tidigare toppnoteringen var i april i \u00e5r p\u00e5 24 procent.<\/p>\n<p class=\"ew-body\">Mer \u00e4n var tionde konsument e-handlade fr\u00e5n de kinesiska l\u00e5gprisakt\u00f6rerna Temu och Shein \u2013 n\u00e5got som Svensk handel kallar orov\u00e4ckande.<\/p>\n<p>\n\t\tPublicerad:<br \/>\n\t\t19 dec 2025, 08:00\n\t<\/p>\n<p>\n\t\t\tUppdaterad:<br \/>\n\t\t\t19 dec 2025, 13:45\n\t\t<\/p>\n","protected":false},"excerpt":{"rendered":"E-HANDELNS UTVECKLING Andelen som e-handlade fr\u00e5n utlandet var 27 procent i november. Den tidigare toppnoteringen var i april&hellip;\n","protected":false},"author":2,"featured_media":112371,"comment_status":"","ping_status":"","sticky":false,"template":"","format":"standard","meta":{"footnotes":""},"categories":[65],"tags":[72,70,71,34,31,33,32,30],"class_list":{"0":"post-112370","1":"post","2":"type-post","3":"status-publish","4":"format-standard","5":"has-post-thumbnail","7":"category-ekonomi","8":"tag-business","9":"tag-economy","10":"tag-ekonomi","11":"tag-se","12":"tag-svenska","13":"tag-sverige","14":"tag-sweden","15":"tag-swedish"},"share_on_mastodon":{"url":"https:\/\/pubeurope.com\/@se\/115754261901161694","error":""},"_links":{"self":[{"href":"https:\/\/www.europesays.com\/se\/wp-json\/wp\/v2\/posts\/112370","targetHints":{"allow":["GET"]}}],"collection":[{"href":"https:\/\/www.europesays.com\/se\/wp-json\/wp\/v2\/posts"}],"about":[{"href":"https:\/\/www.europesays.com\/se\/wp-json\/wp\/v2\/types\/post"}],"author":[{"embeddable":true,"href":"https:\/\/www.europesays.com\/se\/wp-json\/wp\/v2\/users\/2"}],"replies":[{"embeddable":true,"href":"https:\/\/www.europesays.com\/se\/wp-json\/wp\/v2\/comments?post=112370"}],"version-history":[{"count":0,"href":"https:\/\/www.europesays.com\/se\/wp-json\/wp\/v2\/posts\/112370\/revisions"}],"wp:featuredmedia":[{"embeddable":true,"href":"https:\/\/www.europesays.com\/se\/wp-json\/wp\/v2\/media\/112371"}],"wp:attachment":[{"href":"https:\/\/www.europesays.com\/se\/wp-json\/wp\/v2\/media?parent=112370"}],"wp:term":[{"taxonomy":"category","embeddable":true,"href":"https:\/\/www.europesays.com\/se\/wp-json\/wp\/v2\/categories?post=112370"},{"taxonomy":"post_tag","embeddable":true,"href":"https:\/\/www.europesays.com\/se\/wp-json\/wp\/v2\/tags?post=112370"}],"curies":[{"name":"wp","href":"https:\/\/api.w.org\/{rel}","templated":true}]}}