{"id":112377,"date":"2025-12-20T22:45:41","date_gmt":"2025-12-20T22:45:41","guid":{"rendered":"https:\/\/www.europesays.com\/se\/112377\/"},"modified":"2025-12-20T22:45:41","modified_gmt":"2025-12-20T22:45:41","slug":"micron-rusar-i-den-amerikanska-forhandeln-dampar-ai-oron","status":"publish","type":"post","link":"https:\/\/www.europesays.com\/se\/112377\/","title":{"rendered":"Micron rusar i den amerikanska f\u00f6rhandeln \u2013 d\u00e4mpar AI-oron"},"content":{"rendered":"<p class=\"\">Micron Technology, den st\u00f6rsta amerikanska tillverkaren av minneskretsar f\u00f6r datorer, rusar med 10 procent i den amerikanska f\u00f6rhandeln. Detta efter att bolaget, p\u00e5 onsdagen, redovisat starkare siffror \u00e4n v\u00e4ntat f\u00f6r det f\u00f6rsta kvartalet i bolagets brutna r\u00e4kenskaps\u00e5r.<\/p>\n<p class=\"\">D\u00e4rtill var Micron optimistiska i sin prognos f\u00f6r det innevarande kvartalet och r\u00e4knar med en oms\u00e4ttning p\u00e5 omkring 18,7 miljarder dollar, j\u00e4mf\u00f6rt med v\u00e4ntade 14,2 miljarder dollar.<\/p>\n<p class=\"\">\u2013\u00a0Utbyggnaden av AI-datacenter driver en kraftig \u00f6kning av efterfr\u00e5gan p\u00e5 h\u00f6gpresterande minne och lagring med stor kapacitet. Efterfr\u00e5gan p\u00e5 serverenheter har st\u00e4rkts avsev\u00e4rt, <a class=\"null text-blue-link underline\" href=\"https:\/\/www.cnbc.com\/2025\/12\/17\/micron-q1-earnings-forecast-memory-demand-ai.html\" rel=\"nofollow noopener\" target=\"_blank\">sade Microns vd Sanjay Mehrotra<\/a> under en telefonkonferens med analytiker.<\/p>\n<p>Har rusat p\u00e5 b\u00f6rsen under \u00e5ret<\/p>\n<p class=\"\">Den h\u00f6ga efterfr\u00e5gan p\u00e5 \u201dminne\u201d har gjort att Micron har rusat med 168 procent under \u00e5ret. Bolaget \u00e4r ett av tre f\u00f6retag som tillverkar det minne med h\u00f6g bandbredd (HBM) som anv\u00e4nds av <a class=\"null text-blue-link underline\" href=\"https:\/\/www.cnbc.com\/2025\/12\/17\/micron-q1-earnings-forecast-memory-demand-ai.html\" rel=\"nofollow noopener\" target=\"_blank\">bland andra AMD<\/a>. D\u00e4rtill har PC-tillverkare som Dell och HP varnat investerare f\u00f6r att de r\u00e4knar med brist p\u00e5 minneskretsar under det kommande \u00e5ret.<\/p>\n<p class=\"\">\u2013\u00a0Pris\u00f6kningarna p\u00e5 minne l\u00e4r inte avta p\u00e5 kort sikt, skrev Jake Silverman, analytiker p\u00e5 Bloomberg Intelligence, i en rapport.<\/p>\n<p class=\"\">Marknadens reaktion p\u00e5 Microns rapport skiljer bolaget fr\u00e5n Broadcom och Oracle, som skapade AI-oro med sina rapporter f\u00f6rra veckan. <\/p>\n","protected":false},"excerpt":{"rendered":"Micron Technology, den st\u00f6rsta amerikanska tillverkaren av minneskretsar f\u00f6r datorer, rusar med 10 procent i den amerikanska f\u00f6rhandeln.&hellip;\n","protected":false},"author":2,"featured_media":112378,"comment_status":"","ping_status":"","sticky":false,"template":"","format":"standard","meta":{"footnotes":""},"categories":[65],"tags":[72,70,71,34,31,33,32,30],"class_list":{"0":"post-112377","1":"post","2":"type-post","3":"status-publish","4":"format-standard","5":"has-post-thumbnail","7":"category-ekonomi","8":"tag-business","9":"tag-economy","10":"tag-ekonomi","11":"tag-se","12":"tag-svenska","13":"tag-sverige","14":"tag-sweden","15":"tag-swedish"},"share_on_mastodon":{"url":"https:\/\/pubeurope.com\/@se\/115754324670279073","error":""},"_links":{"self":[{"href":"https:\/\/www.europesays.com\/se\/wp-json\/wp\/v2\/posts\/112377","targetHints":{"allow":["GET"]}}],"collection":[{"href":"https:\/\/www.europesays.com\/se\/wp-json\/wp\/v2\/posts"}],"about":[{"href":"https:\/\/www.europesays.com\/se\/wp-json\/wp\/v2\/types\/post"}],"author":[{"embeddable":true,"href":"https:\/\/www.europesays.com\/se\/wp-json\/wp\/v2\/users\/2"}],"replies":[{"embeddable":true,"href":"https:\/\/www.europesays.com\/se\/wp-json\/wp\/v2\/comments?post=112377"}],"version-history":[{"count":0,"href":"https:\/\/www.europesays.com\/se\/wp-json\/wp\/v2\/posts\/112377\/revisions"}],"wp:featuredmedia":[{"embeddable":true,"href":"https:\/\/www.europesays.com\/se\/wp-json\/wp\/v2\/media\/112378"}],"wp:attachment":[{"href":"https:\/\/www.europesays.com\/se\/wp-json\/wp\/v2\/media?parent=112377"}],"wp:term":[{"taxonomy":"category","embeddable":true,"href":"https:\/\/www.europesays.com\/se\/wp-json\/wp\/v2\/categories?post=112377"},{"taxonomy":"post_tag","embeddable":true,"href":"https:\/\/www.europesays.com\/se\/wp-json\/wp\/v2\/tags?post=112377"}],"curies":[{"name":"wp","href":"https:\/\/api.w.org\/{rel}","templated":true}]}}