{"id":112383,"date":"2025-12-20T22:54:13","date_gmt":"2025-12-20T22:54:13","guid":{"rendered":"https:\/\/www.europesays.com\/se\/112383\/"},"modified":"2025-12-20T22:54:13","modified_gmt":"2025-12-20T22:54:13","slug":"attack-mot-solrosanlaggning-vid-svarta-havet","status":"publish","type":"post","link":"https:\/\/www.europesays.com\/se\/112383\/","title":{"rendered":"Attack mot solrosanl\u00e4ggning vid Svarta havet"},"content":{"rendered":"<p>share-arrowDela<\/p>\n<p>unsaveSpara<\/p>\n<p>expand-left<\/p>\n<p>helsk\u00e4rm<img decoding=\"async\" class=\"image-asset hyperion-css-u06ts1\" data-test-tag=\"image-asset\" src=\"https:\/\/www.europesays.com\/se\/wp-content\/uploads\/2025\/12\/9670a51d-f6ca-4a77-92a0-20195386d13f\"  alt=\"Rysk milit\u00e4r intensifierar attacker mot strategiskt viktiga m\u00e5l i Odessaregionen och utefter den ukrainska kusten mot Svarta havet. Arkivbild.\"  loading=\"eager\" fetchpriority=\"high\" style=\"aspect-ratio:1900 \/ 1264\"\/>Rysk milit\u00e4r intensifierar attacker mot strategiskt viktiga m\u00e5l i Odessaregionen och utefter den ukrainska kusten mot Svarta havet. Arkivbild. Foto: Michael Shtekel\/AP\/TT<\/p>\n<p class=\"hyperion-css-1shl3oz\" data-test-tag=\"lead-text\">Rysk milit\u00e4r har attackerat ett stort lager f\u00f6r solrosolja i Odessaregionen som en del av intensiva angrepp mot m\u00e5l vid Svarta havskusten.<\/p>\n<p class=\"hyperion-css-1v9qo5x\">\u2013 Ryssland f\u00f6rs\u00f6ker \u00e5terigen f\u00f6rhindra att Ukraina har tillg\u00e5ng till havet och vill blockera v\u00e5ra kustregioner, sade Ukrainas president Volodymyr Zelenskyj i en kommentar till de ryska angreppen.<\/p>\n<p class=\"hyperion-css-1v9qo5x\">Ryssland har inriktat sig mot Svarta havsregionen vid hamnstaden Odessa och det strategiska och ekonomiska omr\u00e5dena utefter kusten. M\u00e5len f\u00f6r de ryska angreppen under de senaste veckornas r\u00e4der har varit broar, hamnomr\u00e5den och energianl\u00e4ggningar.<\/p>\n<p class=\"hyperion-css-1v9qo5x\">L\u00f6rdagens attack f\u00f6ljer p\u00e5 ett ryskt angrepp sent p\u00e5 fredagen d\u00e5 minst sju personer d\u00f6dades.<\/p>\n<p class=\"hyperion-css-1v9qo5x\">En person d\u00f6dades och ytterligare tv\u00e5 skadades i r\u00e4den tidigt p\u00e5 morgonen.<\/p>\n<p class=\"hyperion-css-1v9qo5x\">Anl\u00e4ggningen med solrosolja utg\u00f6r Ukrainas st\u00f6rsta lager f\u00f6r vegetabilisk olja, enligt bolagets marknadsdirekt\u00f6r Conrelis Vrins.<\/p>\n","protected":false},"excerpt":{"rendered":"share-arrowDela unsaveSpara expand-left helsk\u00e4rmRysk milit\u00e4r intensifierar attacker mot strategiskt viktiga m\u00e5l i Odessaregionen och utefter den ukrainska kusten&hellip;\n","protected":false},"author":2,"featured_media":112384,"comment_status":"","ping_status":"","sticky":false,"template":"","format":"standard","meta":{"footnotes":""},"categories":[14],"tags":[22,23,26,27,17,21,24,25,28,29,15,16,18,34,31,33,32,30,19,20,51,52,53,54],"class_list":{"0":"post-112383","1":"post","2":"type-post","3":"status-publish","4":"format-standard","5":"has-post-thumbnail","7":"category-varlden","8":"tag-breaking-news","9":"tag-breakingnews","10":"tag-featured-news","11":"tag-featurednews","12":"tag-headlines","13":"tag-huvudnyheter","14":"tag-latest-news","15":"tag-latestnews","16":"tag-main-news","17":"tag-mainnews","18":"tag-news","19":"tag-nyheter","20":"tag-rubriker","21":"tag-se","22":"tag-svenska","23":"tag-sverige","24":"tag-sweden","25":"tag-swedish","26":"tag-top-stories","27":"tag-topstories","28":"tag-varlden","29":"tag-world","30":"tag-world-news","31":"tag-worldnews"},"share_on_mastodon":{"url":"https:\/\/pubeurope.com\/@se\/115754360240898901","error":""},"_links":{"self":[{"href":"https:\/\/www.europesays.com\/se\/wp-json\/wp\/v2\/posts\/112383","targetHints":{"allow":["GET"]}}],"collection":[{"href":"https:\/\/www.europesays.com\/se\/wp-json\/wp\/v2\/posts"}],"about":[{"href":"https:\/\/www.europesays.com\/se\/wp-json\/wp\/v2\/types\/post"}],"author":[{"embeddable":true,"href":"https:\/\/www.europesays.com\/se\/wp-json\/wp\/v2\/users\/2"}],"replies":[{"embeddable":true,"href":"https:\/\/www.europesays.com\/se\/wp-json\/wp\/v2\/comments?post=112383"}],"version-history":[{"count":0,"href":"https:\/\/www.europesays.com\/se\/wp-json\/wp\/v2\/posts\/112383\/revisions"}],"wp:featuredmedia":[{"embeddable":true,"href":"https:\/\/www.europesays.com\/se\/wp-json\/wp\/v2\/media\/112384"}],"wp:attachment":[{"href":"https:\/\/www.europesays.com\/se\/wp-json\/wp\/v2\/media?parent=112383"}],"wp:term":[{"taxonomy":"category","embeddable":true,"href":"https:\/\/www.europesays.com\/se\/wp-json\/wp\/v2\/categories?post=112383"},{"taxonomy":"post_tag","embeddable":true,"href":"https:\/\/www.europesays.com\/se\/wp-json\/wp\/v2\/tags?post=112383"}],"curies":[{"name":"wp","href":"https:\/\/api.w.org\/{rel}","templated":true}]}}