{"id":112452,"date":"2025-12-21T03:52:25","date_gmt":"2025-12-21T03:52:25","guid":{"rendered":"https:\/\/www.europesays.com\/se\/112452\/"},"modified":"2025-12-21T03:52:25","modified_gmt":"2025-12-21T03:52:25","slug":"starkt-forebyggande-arbete-och-tryggare-skyddsnat","status":"publish","type":"post","link":"https:\/\/www.europesays.com\/se\/112452\/","title":{"rendered":"St\u00e4rkt f\u00f6rebyggande arbete och tryggare skyddsn\u00e4t"},"content":{"rendered":"<p>&#13;<br \/>\nBrottsf\u00f6rebyggande arbete, \u00f6kad trygghet f\u00f6r barn och unga, och insatser mot heml\u00f6shet \u2013 det \u00e4r n\u00e5gra av uppdragen regeringen ger Socialstyrelsen i myndighetens regleringsbrev f\u00f6r 2026. <\/p>\n<p>\u2013 Trygghet f\u00f6r barn och unga och st\u00f6d i tid till m\u00e4nniskor i utsatta situationer \u00e4r en grundl\u00e4ggande prioritet. Genom de h\u00e4r uppdragen till Socialstyrelsen f\u00f6rst\u00e4rker vi arbetet mot v\u00e5ld, heml\u00f6shet och kriminalitet, samtidigt som vi s\u00e4kerst\u00e4ller att barn som beh\u00f6ver placering f\u00e5r det. Det \u00e4r viktiga steg f\u00f6r att bygga ett mer socialt h\u00e5llbart samh\u00e4lle, s\u00e4ger socialtj\u00e4nstminister Camilla Waltersson Gr\u00f6nvall.<\/p>\n<p>Flera uppdrag ges till Socialstyrelsen f\u00f6r att st\u00e4rka det f\u00f6rebyggande arbetet inom socialtj\u00e4nsten. Regeringen ger ocks\u00e5 uppdrag f\u00f6r ett f\u00f6rst\u00e4rkt arbete under 2026 mot bland annat heml\u00f6shet, v\u00e5ld mot barn och st\u00f6d till personer med funktionshinder. Socialstyrelsen ska ocks\u00e5 betala ut flera av de statsbidrag som aviserades i budgetpropositionen f\u00f6r 2026.\u00a0<\/p>\n<p>St\u00f6d till socialtj\u00e4nstens f\u00f6rebyggande arbete<\/p>\n<p>Flera uppdrag ges till Socialstyrelsen f\u00f6r att st\u00f6da socialtj\u00e4nsten i det f\u00f6rebyggande arbetet. Det handlar bland annat om att f\u00e5nga upp barn och familjer i behov av st\u00f6d, och att f\u00f6rebygga att barn och unga hamnar i kriminalitet.<\/p>\n<p>Barn och unga som \u00e4r i behov av en placering ocks\u00e5 ska f\u00e5 det. Socialstyrelsen f\u00e5r band annat i uppdrag att betala ut statsbidrag p\u00e5 en halv miljard kronor f\u00f6r att subventionera kommuners placeringar i den sociala barn- och ungdomsv\u00e5rden.<\/p>\n<p>Socialstyrelsen ska ocks\u00e5 betala ut 300 miljoner kronor till kommuner f\u00f6r att utveckla socialtj\u00e4nstens arbete med att f\u00f6rebygga och motverka brottslighet. 200 miljoner kronor ska ocks\u00e5 betalas ut till kommuner f\u00f6r personal fr\u00e5n socialtj\u00e4nsten. som en del av regeringens satsning p\u00e5 skolsociala team om totalt 400 miljoner kronor. Skolsociala team \u00e4r ett s\u00e4tt f\u00f6r skolan och socialtj\u00e4nsten att samverka f\u00f6r att elever f\u00e5r st\u00f6d i ett tidigt skede.\u00a0<\/p>\n<p>30 miljoner kronor ska g\u00e5 till Socialstyrelsens forts\u00e4tta arbete med f\u00f6rst\u00e4rkningsteam, som st\u00f6ttar socialtj\u00e4nsten p\u00e5 platser d\u00e4r kriminalitet och v\u00e5ld eskalerat eller d\u00e4r socialtj\u00e4nsten \u00e4r h\u00e5rt anstr\u00e4ngd. Socialstyrelsen ska dessutom f\u00f6rdela 100 miljoner kronor till kommuner som ska m\u00f6jligg\u00f6ra individanpassat och \u00e4ndam\u00e5lsenligt st\u00f6d f\u00f6r barn och unga att l\u00e4mna kriminalitet.<\/p>\n<p>St\u00f6det till familjer forts\u00e4tter och f\u00f6rst\u00e4rks under 2026. Med regeringens satsning p\u00e5 20 miljoner kronor ska Socialstyrelsen betala ut statsbidrag till regioner d\u00e4r utanf\u00f6rskapet \u00e4r s\u00e4rskilt stort samt ge st\u00f6d och sprida kunskap till kommuner och regioner vad g\u00e4ller inr\u00e4ttande och vidareutveckling av familjecentraler. Dessutom ger regeringen myndigheten ett uppdrag att ta fram st\u00f6dmaterial f\u00f6r att uppm\u00e4rksamma och st\u00f6dja barn n\u00e4r deras f\u00f6r\u00e4ldrar s\u00f6ker st\u00f6d hos socialtj\u00e4nsten.<\/p>\n<p>F\u00f6rst\u00e4rkt heml\u00f6shetsstrategi<\/p>\n<p>Totalt 150 miljoner kronor avs\u00e4tts till en f\u00f6rst\u00e4rkt heml\u00f6shetsstrategi under 2026. Socialstyrelsen ska betala ut 123,5 miljoner av dessa f\u00f6r att st\u00e4rka kommunernas arbete med metoden Bostad f\u00f6rst, vilket inneb\u00e4r att personer i heml\u00f6shet f\u00f6rst ska f\u00e5 en egen bostad och sedan erbjudas flexibelt och individuellt utformat st\u00f6d och behandling.<\/p>\n<p>St\u00f6d till kommunernas arbete f\u00f6r personer med funktionsneds\u00e4ttning<\/p>\n<p>Socialstyrelsen f\u00e5r ocks\u00e5 i uppdrag att ta fram ett st\u00f6dmaterial f\u00f6r utredning, bed\u00f6mningar av personkrets och r\u00e4tt till insatser enligt LSS, lagen om st\u00f6d och service till vissa funktionshindrade. Ett s\u00e4rskilt fokus ska ligga p\u00e5 insatsen ledsagarservice.<\/p>\n<p>Socialstyrelsen ska ocks\u00e5 fortsatt utveckla och st\u00f6dja verksamheten med personligt ombud f\u00f6r vissa personer med psykiska funktionsneds\u00e4ttningar samt f\u00f6rdela 178 miljoner kronor till kommuner som bedriver s\u00e5dan verksamhet.<\/p>\n<p>St\u00e4rkt arbete mot v\u00e5ld mot barn<\/p>\n<p>Socialstyrelsens skade- och d\u00f6dsfallsutredningar f\u00f6rst\u00e4rks med 4 miljoner kronor under 2026. F\u00f6rst\u00e4rkningen \u00e4r en del i regeringens \u00e5tg\u00e4rdsplan f\u00f6r att f\u00f6rebygga och bek\u00e4mpa v\u00e5ld mot barn.<br \/>Socialstyrelsen ska i vissa fall utreda n\u00e4r ett barn d\u00f6dats eller utsatts f\u00f6r f\u00f6rs\u00f6k till d\u00f6dligt v\u00e5ld, eller n\u00e4r en vuxen utsatts f\u00f6r s\u00e5dana g\u00e4rningar av en n\u00e4rst\u00e5ende. Skade- och d\u00f6dsfallsutredningarna unders\u00f6ker brister i samh\u00e4llets skyddsn\u00e4t, och n\u00e4r samh\u00e4llsakt\u00f6rer hade kunnat agera annorlunda f\u00f6r att minska risken f\u00f6r att brotten skulle ha beg\u00e5tts.<\/p>\n<p>Ut\u00f6ver det ska Socialstyrelsen kartl\u00e4gga socialtj\u00e4nstens hantering och anm\u00e4lningsben\u00e4genhet av misstankar om barnfridsbrott inom socialtj\u00e4nstens barn- och ungdomsenheter. De ska ocks\u00e5 st\u00e4rka socialtj\u00e4nstens arbete med och st\u00f6d till barn som bevittnat v\u00e5ld av och mot n\u00e4rst\u00e5ende eller tidigare n\u00e4rst\u00e5ende, inklusive hedersrelaterat v\u00e5ld och f\u00f6rtryck, samt sprida kunskap om barnfridsbrott och vikten av anm\u00e4lan av misst\u00e4nkta barnfridsbrott till polisen inom socialtj\u00e4nsten.<\/p>\n","protected":false},"excerpt":{"rendered":"&#13; Brottsf\u00f6rebyggande arbete, \u00f6kad trygghet f\u00f6r barn och unga, och insatser mot heml\u00f6shet \u2013 det \u00e4r n\u00e5gra av&hellip;\n","protected":false},"author":2,"featured_media":67452,"comment_status":"","ping_status":"","sticky":false,"template":"","format":"standard","meta":{"footnotes":""},"categories":[12],"tags":[22,23,26,27,17,21,24,25,28,29,15,16,18,34,31,33,32,30,19,20],"class_list":{"0":"post-112452","1":"post","2":"type-post","3":"status-publish","4":"format-standard","5":"has-post-thumbnail","7":"category-sverige","8":"tag-breaking-news","9":"tag-breakingnews","10":"tag-featured-news","11":"tag-featurednews","12":"tag-headlines","13":"tag-huvudnyheter","14":"tag-latest-news","15":"tag-latestnews","16":"tag-main-news","17":"tag-mainnews","18":"tag-news","19":"tag-nyheter","20":"tag-rubriker","21":"tag-se","22":"tag-svenska","23":"tag-sverige","24":"tag-sweden","25":"tag-swedish","26":"tag-top-stories","27":"tag-topstories"},"share_on_mastodon":{"url":"https:\/\/pubeurope.com\/@se\/115755531837537974","error":""},"_links":{"self":[{"href":"https:\/\/www.europesays.com\/se\/wp-json\/wp\/v2\/posts\/112452","targetHints":{"allow":["GET"]}}],"collection":[{"href":"https:\/\/www.europesays.com\/se\/wp-json\/wp\/v2\/posts"}],"about":[{"href":"https:\/\/www.europesays.com\/se\/wp-json\/wp\/v2\/types\/post"}],"author":[{"embeddable":true,"href":"https:\/\/www.europesays.com\/se\/wp-json\/wp\/v2\/users\/2"}],"replies":[{"embeddable":true,"href":"https:\/\/www.europesays.com\/se\/wp-json\/wp\/v2\/comments?post=112452"}],"version-history":[{"count":0,"href":"https:\/\/www.europesays.com\/se\/wp-json\/wp\/v2\/posts\/112452\/revisions"}],"wp:featuredmedia":[{"embeddable":true,"href":"https:\/\/www.europesays.com\/se\/wp-json\/wp\/v2\/media\/67452"}],"wp:attachment":[{"href":"https:\/\/www.europesays.com\/se\/wp-json\/wp\/v2\/media?parent=112452"}],"wp:term":[{"taxonomy":"category","embeddable":true,"href":"https:\/\/www.europesays.com\/se\/wp-json\/wp\/v2\/categories?post=112452"},{"taxonomy":"post_tag","embeddable":true,"href":"https:\/\/www.europesays.com\/se\/wp-json\/wp\/v2\/tags?post=112452"}],"curies":[{"name":"wp","href":"https:\/\/api.w.org\/{rel}","templated":true}]}}