{"id":112492,"date":"2025-12-21T05:17:16","date_gmt":"2025-12-21T05:17:16","guid":{"rendered":"https:\/\/www.europesays.com\/se\/112492\/"},"modified":"2025-12-21T05:17:16","modified_gmt":"2025-12-21T05:17:16","slug":"8-sidor-de-vill-att-pappan-blir-fri","status":"publish","type":"post","link":"https:\/\/www.europesays.com\/se\/112492\/","title":{"rendered":"8 Sidor &#8211; De vill att pappan blir fri"},"content":{"rendered":"<p>Betlehem Isaak och Danait Isaak \u00e4r d\u00f6ttrar till journalisten Dawit Isaak. Foto: Fredrik Sandberg\/TT<\/p>\n<p>Dawit Isaak \u00e4r en<br \/>svensk-eritreansk journalist.<br \/>Sedan \u00e5r 2001 sitter han<br \/>i f\u00e4ngelse i Eritrea.<br \/>Han sitter i f\u00e4ngelse<br \/>bara f\u00f6r att han jobbat<br \/>som journalist.<\/p>\n<p>Dawit Isaak \u00e4r den<br \/>journalist i v\u00e4rlden<br \/>som suttit l\u00e4ngst i f\u00e4ngelse.<br \/>Det s\u00e4ger organisationen<br \/>Reportrar utan gr\u00e4nser.<\/p>\n<p>Maria Malmer Stenergard<br \/>\u00e4r minister i regeringen.<br \/>Hon \u00e4r p\u00e5 bes\u00f6k i Eritrea.<br \/>Hon pratar om Dawit Isaak<br \/>med Eritreas regering.<\/p>\n<p>Dawit Isaaks d\u00f6ttrar<br \/>tycker att det \u00e4r bra.<\/p>\n<p>\u2013 Vi hoppas att han<br \/>ska f\u00e5 tr\u00e4ffa svenska l\u00e4kare.<br \/>Och vi hoppas att han blir fri,<br \/>s\u00e4ger dottern Betlehem Isaak<br \/>till Sveriges Radio.<\/p>\n<p>\u2013 Vi vet att han lever,<br \/>men vi vet inte mer,<br \/>s\u00e4ger dottern Danait Isaak<br \/>till Sveriges Radio.<\/p>\n<p>MARTIN HANBERG\/8 SIDOR<\/p>\n","protected":false},"excerpt":{"rendered":"Betlehem Isaak och Danait Isaak \u00e4r d\u00f6ttrar till journalisten Dawit Isaak. Foto: Fredrik Sandberg\/TT Dawit Isaak \u00e4r ensvensk-eritreansk&hellip;\n","protected":false},"author":2,"featured_media":112493,"comment_status":"","ping_status":"","sticky":false,"template":"","format":"standard","meta":{"footnotes":""},"categories":[5],"tags":[22,23,26,27,17,21,24,25,28,29,15,16,18,34,31,33,32,30,19,20],"class_list":{"0":"post-112492","1":"post","2":"type-post","3":"status-publish","4":"format-standard","5":"has-post-thumbnail","7":"category-rubriker","8":"tag-breaking-news","9":"tag-breakingnews","10":"tag-featured-news","11":"tag-featurednews","12":"tag-headlines","13":"tag-huvudnyheter","14":"tag-latest-news","15":"tag-latestnews","16":"tag-main-news","17":"tag-mainnews","18":"tag-news","19":"tag-nyheter","20":"tag-rubriker","21":"tag-se","22":"tag-svenska","23":"tag-sverige","24":"tag-sweden","25":"tag-swedish","26":"tag-top-stories","27":"tag-topstories"},"share_on_mastodon":{"url":"https:\/\/pubeurope.com\/@se\/115755866028016117","error":""},"_links":{"self":[{"href":"https:\/\/www.europesays.com\/se\/wp-json\/wp\/v2\/posts\/112492","targetHints":{"allow":["GET"]}}],"collection":[{"href":"https:\/\/www.europesays.com\/se\/wp-json\/wp\/v2\/posts"}],"about":[{"href":"https:\/\/www.europesays.com\/se\/wp-json\/wp\/v2\/types\/post"}],"author":[{"embeddable":true,"href":"https:\/\/www.europesays.com\/se\/wp-json\/wp\/v2\/users\/2"}],"replies":[{"embeddable":true,"href":"https:\/\/www.europesays.com\/se\/wp-json\/wp\/v2\/comments?post=112492"}],"version-history":[{"count":0,"href":"https:\/\/www.europesays.com\/se\/wp-json\/wp\/v2\/posts\/112492\/revisions"}],"wp:featuredmedia":[{"embeddable":true,"href":"https:\/\/www.europesays.com\/se\/wp-json\/wp\/v2\/media\/112493"}],"wp:attachment":[{"href":"https:\/\/www.europesays.com\/se\/wp-json\/wp\/v2\/media?parent=112492"}],"wp:term":[{"taxonomy":"category","embeddable":true,"href":"https:\/\/www.europesays.com\/se\/wp-json\/wp\/v2\/categories?post=112492"},{"taxonomy":"post_tag","embeddable":true,"href":"https:\/\/www.europesays.com\/se\/wp-json\/wp\/v2\/tags?post=112492"}],"curies":[{"name":"wp","href":"https:\/\/api.w.org\/{rel}","templated":true}]}}