{"id":112515,"date":"2025-12-21T06:18:23","date_gmt":"2025-12-21T06:18:23","guid":{"rendered":"https:\/\/www.europesays.com\/se\/112515\/"},"modified":"2025-12-21T06:18:23","modified_gmt":"2025-12-21T06:18:23","slug":"klart-han-blir-brainiac-i-superman-uppfoljaren","status":"publish","type":"post","link":"https:\/\/www.europesays.com\/se\/112515\/","title":{"rendered":"Klart: Han blir Brainiac i &#8221;Superman&#8221;-uppf\u00f6ljaren"},"content":{"rendered":"<p><strong>James Gunn<\/strong> jobbar nu febrilt p\u00e5 sin \u201dSuperman\u201d-uppf\u00f6ljare \u201d<strong>Man of Tomorrow<\/strong>\u201d. I vanlig ordning h\u00e5ller han s\u00e5 mycket som m\u00f6jligt hemligt, men klart \u00e4r \u00e5tminstone att skurken blir <strong>Brainiac<\/strong>, en av Supermans st\u00f6rsta fiender i serietidningarna, och en karakt\u00e4r som aldrig synts p\u00e5 bioduken i live-action tidigare. Nu \u00e4r det \u00e4ntligen klart vem som spelar honom: <strong>Lars Eidinger<\/strong>. <\/p>\n<p>Vem \u00e4r Lars Eidinger, t\u00e4nker du s\u00e4kert? Jo, han \u00e4r en tysk sk\u00e5despelare, som arbetat med bland andra Olivier Assayas i \u201dClouds of Sils Maria\u201d och Noah Baumbach i \u201dJay Kelly\u201d. Han d\u00f6k \u00e4ven upp i miniserien \u201dIrma Vep\u201d, i vilken Alicia Vikander gjorde huvudrollen. <\/p>\n<p>Det \u00e4r James Gunn sj\u00e4lv som avsl\u00f6jat Eidinger som Brainiac, via sitt Instagramkonto. Tidigare ryktades det om att <a href=\"https:\/\/www.moviezine.se\/nyheter\/3-skadisar-kan-vara-aktuella-som-brainiac-i-superman-2-blir-det-en-dansk\" rel=\"nofollow noopener\" target=\"_blank\">Claes Bang, Sam Rockwell och Matt Smith<\/a> var intressanta f\u00f6r rollen, och senaste veckan har \u00e4ven Dave Bautistas namn flutit runt som ett rykte p\u00e5 n\u00e4tet. Ingen av de fyra rodde allts\u00e5 till slut hem den eftertraktade skurkrollen, utan vi f\u00e5r ist\u00e4llet gratulera Eidinger till vad som definitivt blir hans karri\u00e4rs mest h\u00f6gprofilerade roll hittills.<\/p>\n<p>Vad vet vi om \u201dMan of Tomorrow\u201d?<\/p>\n<p>Eidingers Brainiac kommer st\u00e4llas mot b\u00e5de <strong>David Corenswet<\/strong>, tillbaka som <strong>Superman<\/strong>, och <strong>Nicholas Hoult<\/strong>, som \u00e5terv\u00e4nder som <strong>Lex<\/strong> <strong>Luthor<\/strong>. De tv\u00e5 kommer tvingas l\u00e4gga sina meningsskiljaktigheter \u00e5t sidan och samarbeta f\u00f6r att ta sig an honom. I \u00f6vrigt \u00e4r rollistan i filmen inte avsl\u00f6jad, men ett s\u00e4kert kort l\u00e4r vara att \u00e4ven <strong>Rachel Brosnahan<\/strong> kommer tillbaka som <strong>Lois Lane.<\/strong> <\/p>\n<p>Brainiac \u00e4r i DCs serietidningar en m\u00e4ktig android vars m\u00e5l \u00e4r att samla p\u00e5 sig all universums kunskap. Det \u00e4r en process som bland annat involverar att kidnappning av hela st\u00e4der och planet\u00e4r f\u00f6rst\u00f6relse. Personligen kan jag tycka att det \u00e4r kul att Gunn v\u00e4ljer ett mindre k\u00e4nt namn f\u00f6r rollen \u2013 det finns mer utrymme f\u00f6r \u00f6verraskning med mer ok\u00e4nd sk\u00e5dis, och dessutom blir det ocks\u00e5 enklare att se Brainiac som Brainiac ist\u00e4llet f\u00f6r en k\u00e4nd snubbe i make-up. <\/p>\n<p>\u201dMan of Tomorrow\u201d siktar p\u00e5 inspelningsstart i april 2026. Premi\u00e4r blir det den 9 juli 2027. <\/p>\n<p>L\u00e4s ocks\u00e5: <a href=\"https:\/\/www.moviezine.se\/nyheter\/trailerpremiar-supergirl-bjuder-in-till-ett-actionpackat-rymdaventyr\" title=\"Trailerpremi\u00e4r: \u201dSupergirl\u201d bjuder in till ett actionpackat rymd\u00e4ventyr\" class=\"underline-custom !font-montserrat !font-bold !underline-offset-4 !decoration-4 !decoration-moviezine-green !text-md\" rel=\"nofollow noopener\" target=\"_blank\">Trailerpremi\u00e4r: \u201dSupergirl\u201d bjuder in till ett actionpackat rymd\u00e4ventyr<\/a><\/p>\n<p>L\u00e4s ocks\u00e5: <a href=\"https:\/\/www.moviezine.se\/nyheter\/glom-bort-aquaman-ta-forsta-titten-pa-jason-momoas-nya-dc-karaktar\" title=\"Gl\u00f6m bort Aquaman \u2013 ta f\u00f6rsta titten p\u00e5 Jason Momoas nya DC-karakt\u00e4r\" class=\"underline-custom !font-montserrat !font-bold !underline-offset-4 !decoration-4 !decoration-moviezine-green !text-md\" rel=\"nofollow noopener\" target=\"_blank\">Gl\u00f6m bort Aquaman \u2013 ta f\u00f6rsta titten p\u00e5 Jason Momoas nya DC-karakt\u00e4r<\/a><\/p>\n<p>L\u00e4s ocks\u00e5: <a href=\"https:\/\/www.moviezine.se\/nyheter\/3-skadisar-kan-vara-aktuella-som-brainiac-i-superman-2-blir-det-en-dansk\" title=\"3 sk\u00e5disar kan vara aktuella som Brainiac i \u201dSuperman 2\u201d \u2013 blir det en dansk?\" class=\"underline-custom !font-montserrat !font-bold !underline-offset-4 !decoration-4 !decoration-moviezine-green !text-md\" rel=\"nofollow noopener\" target=\"_blank\">3 sk\u00e5disar kan vara aktuella som Brainiac i \u201dSuperman 2\u201d \u2013 blir det en dansk?<\/a><\/p>\n","protected":false},"excerpt":{"rendered":"James Gunn jobbar nu febrilt p\u00e5 sin \u201dSuperman\u201d-uppf\u00f6ljare \u201dMan of Tomorrow\u201d. I vanlig ordning h\u00e5ller han s\u00e5 mycket&hellip;\n","protected":false},"author":2,"featured_media":112516,"comment_status":"","ping_status":"","sticky":false,"template":"","format":"standard","meta":{"footnotes":""},"categories":[67],"tags":[2453,4209,104,34,31,33,32,30,105],"class_list":{"0":"post-112515","1":"post","2":"type-post","3":"status-publish","4":"format-standard","5":"has-post-thumbnail","7":"category-underhallning","8":"tag-casting","9":"tag-dc","10":"tag-entertainment","11":"tag-se","12":"tag-svenska","13":"tag-sverige","14":"tag-sweden","15":"tag-swedish","16":"tag-underhallning"},"share_on_mastodon":{"url":"https:\/\/pubeurope.com\/@se\/115756105939750476","error":""},"_links":{"self":[{"href":"https:\/\/www.europesays.com\/se\/wp-json\/wp\/v2\/posts\/112515","targetHints":{"allow":["GET"]}}],"collection":[{"href":"https:\/\/www.europesays.com\/se\/wp-json\/wp\/v2\/posts"}],"about":[{"href":"https:\/\/www.europesays.com\/se\/wp-json\/wp\/v2\/types\/post"}],"author":[{"embeddable":true,"href":"https:\/\/www.europesays.com\/se\/wp-json\/wp\/v2\/users\/2"}],"replies":[{"embeddable":true,"href":"https:\/\/www.europesays.com\/se\/wp-json\/wp\/v2\/comments?post=112515"}],"version-history":[{"count":0,"href":"https:\/\/www.europesays.com\/se\/wp-json\/wp\/v2\/posts\/112515\/revisions"}],"wp:featuredmedia":[{"embeddable":true,"href":"https:\/\/www.europesays.com\/se\/wp-json\/wp\/v2\/media\/112516"}],"wp:attachment":[{"href":"https:\/\/www.europesays.com\/se\/wp-json\/wp\/v2\/media?parent=112515"}],"wp:term":[{"taxonomy":"category","embeddable":true,"href":"https:\/\/www.europesays.com\/se\/wp-json\/wp\/v2\/categories?post=112515"},{"taxonomy":"post_tag","embeddable":true,"href":"https:\/\/www.europesays.com\/se\/wp-json\/wp\/v2\/tags?post=112515"}],"curies":[{"name":"wp","href":"https:\/\/api.w.org\/{rel}","templated":true}]}}