{"id":112521,"date":"2025-12-21T06:26:15","date_gmt":"2025-12-21T06:26:15","guid":{"rendered":"https:\/\/www.europesays.com\/se\/112521\/"},"modified":"2025-12-21T06:26:15","modified_gmt":"2025-12-21T06:26:15","slug":"fame-and-glory-ar-sjuk-missar-storloppet-i-frankrike-trav","status":"publish","type":"post","link":"https:\/\/www.europesays.com\/se\/112521\/","title":{"rendered":"Fame And Glory \u00e4r sjuk \u2013 missar storloppet i Frankrike | Trav"},"content":{"rendered":"<p>Publicerad 20 dec 2025 kl 18.41Uppdaterad kl 20.35<\/p>\n<p>Det blir ingen start i storloppet Prix T\u00e9nor de Baune f\u00f6r Fame And Glory.<\/p>\n<p>Stj\u00e4rnh\u00e4sten har blivit f\u00f6rkyld och d\u00e4rmed missar han chansen till en direktplats i Prix d\u2019Amerique.<\/p>\n<p>\u2013 Det kom en massa slem ur halsen n\u00e4r han hostade och nu \u00e4r en veterin\u00e4r p\u00e5 plats f\u00f6r att se om han beh\u00f6ver medicineras, s\u00e4ger Timo Nurmos till Kanal 75.<\/p>\n<p><img   alt=\"\"\/><\/p>\n<p>Fame and Glory med Bj\u00f6rn Goop.<\/p>\n<p>Foto: LARS JAKOBSSON \/ TR BILD \/ TR Media<\/p>\n<p>\u00d6ppna bild i helsk\u00e4rm<\/p>\n<p>Fame And Glory vann direkt i comebacken p\u00e5 fransk mark f\u00f6r n\u00e5gra veckor sedan och nu var det meningen att han under s\u00f6ndagen skulle ha varit med i Prix T\u00e9nor de Baune p\u00e5 Vincennes i Paris. I loppet \u2013 med 108 000 dollar i f\u00f6rstapris \u2013 f\u00e5r \u00e4ven vinnaren f\u00e5r en plats i Prix d\u2019Amerique.<\/p>\n<p>Men l\u00f6rdag f\u00f6rmiddag str\u00f6ks kriterie- och derbyvinnaren ur storloppet d\u00e5 han inte \u00e4r frisk.<\/p>\n<p>\u2013 Han har blivit f\u00f6rkyld och det kom en massa slem ur halsen n\u00e4r han hostade. Jag var sj\u00e4lv nere och k\u00f6rde jobb med honom i m\u00e5ndags och d\u00e5 var han mycket fin. Bj\u00f6rn k\u00f6rde i torsdags och var n\u00f6jd han ocks\u00e5. Det \u00e4r m\u00e5nga h\u00e4star som \u00e4r sjuka p\u00e5 Grosbois och tyv\u00e4rr verkar han ha blivit smittad. Det kan komma helt pl\u00f6tsligt och nu \u00e4r en veterin\u00e4r p\u00e5 plats f\u00f6r att se om han beh\u00f6ver medicineras. Vi g\u00f6r allt f\u00f6r h\u00e4stens b\u00e4sta, s\u00e4ger tr\u00e4naren Timo Nurmos till Kanal 75.<\/p>\n<p>Och till\u00e4gger:<\/p>\n<p>\u2013 Tur i oturen att det uppt\u00e4cktes nu s\u00e5 att han inte hade startat och varit sjuk i loppet och klappat igenom. Nu f\u00e5r han vila och det f\u00e5r ta den tid det tar f\u00f6r honom att bli frisk.<\/p>\n<p><strong>Michael Carlsson, Kanal 75<\/strong><\/p>\n","protected":false},"excerpt":{"rendered":"Publicerad 20 dec 2025 kl 18.41Uppdaterad kl 20.35 Det blir ingen start i storloppet Prix T\u00e9nor de Baune&hellip;\n","protected":false},"author":2,"featured_media":112522,"comment_status":"","ping_status":"","sticky":false,"template":"","format":"standard","meta":{"footnotes":""},"categories":[67],"tags":[104,2576,34,1033,31,33,32,30,105],"class_list":{"0":"post-112521","1":"post","2":"type-post","3":"status-publish","4":"format-standard","5":"has-post-thumbnail","7":"category-underhallning","8":"tag-entertainment","9":"tag-organization-travsport","10":"tag-se","11":"tag-sections-trav","12":"tag-svenska","13":"tag-sverige","14":"tag-sweden","15":"tag-swedish","16":"tag-underhallning"},"share_on_mastodon":{"url":"https:\/\/pubeurope.com\/@se\/115756137404078011","error":""},"_links":{"self":[{"href":"https:\/\/www.europesays.com\/se\/wp-json\/wp\/v2\/posts\/112521","targetHints":{"allow":["GET"]}}],"collection":[{"href":"https:\/\/www.europesays.com\/se\/wp-json\/wp\/v2\/posts"}],"about":[{"href":"https:\/\/www.europesays.com\/se\/wp-json\/wp\/v2\/types\/post"}],"author":[{"embeddable":true,"href":"https:\/\/www.europesays.com\/se\/wp-json\/wp\/v2\/users\/2"}],"replies":[{"embeddable":true,"href":"https:\/\/www.europesays.com\/se\/wp-json\/wp\/v2\/comments?post=112521"}],"version-history":[{"count":0,"href":"https:\/\/www.europesays.com\/se\/wp-json\/wp\/v2\/posts\/112521\/revisions"}],"wp:featuredmedia":[{"embeddable":true,"href":"https:\/\/www.europesays.com\/se\/wp-json\/wp\/v2\/media\/112522"}],"wp:attachment":[{"href":"https:\/\/www.europesays.com\/se\/wp-json\/wp\/v2\/media?parent=112521"}],"wp:term":[{"taxonomy":"category","embeddable":true,"href":"https:\/\/www.europesays.com\/se\/wp-json\/wp\/v2\/categories?post=112521"},{"taxonomy":"post_tag","embeddable":true,"href":"https:\/\/www.europesays.com\/se\/wp-json\/wp\/v2\/tags?post=112521"}],"curies":[{"name":"wp","href":"https:\/\/api.w.org\/{rel}","templated":true}]}}