{"id":112523,"date":"2025-12-21T06:28:10","date_gmt":"2025-12-21T06:28:10","guid":{"rendered":"https:\/\/www.europesays.com\/se\/112523\/"},"modified":"2025-12-21T06:28:10","modified_gmt":"2025-12-21T06:28:10","slug":"nya-agare-till-hus-i-rimbo-prislappen-1-610-000-kronor","status":"publish","type":"post","link":"https:\/\/www.europesays.com\/se\/112523\/","title":{"rendered":"Nya \u00e4gare till hus i Rimbo \u2013 prislappen: 1\u00a0610\u00a0000 kronor"},"content":{"rendered":"<p> Huset byggdes 1971 och har en boyta p\u00e5 120 kvadratmeter. S\u00e4ljare \u00e4r Vivi Vanja Margareta Friberg. Aff\u00e4ren blev klar i december 2025 och k\u00f6pesumman blev 1\u00a0610\u00a0000 kronor.Alldeles i n\u00e4rheten s\u00e5ldes nyligen ett annat hus, p\u00e5 Harvv\u00e4gen 11. D\u00e4r landade priset p\u00e5 4\u00a0300\u00a0000 kronor f\u00f6r det 120 kvadratmeter stora huset.De senaste tolv m\u00e5naderna har det s\u00e5lts 20 hus inom en ki<\/p>\n","protected":false},"excerpt":{"rendered":"Huset byggdes 1971 och har en boyta p\u00e5 120 kvadratmeter. S\u00e4ljare \u00e4r Vivi Vanja Margareta Friberg. Aff\u00e4ren blev&hellip;\n","protected":false},"author":2,"featured_media":112524,"comment_status":"","ping_status":"","sticky":false,"template":"","format":"standard","meta":{"footnotes":""},"categories":[65],"tags":[72,70,71,34,31,33,32,30],"class_list":{"0":"post-112523","1":"post","2":"type-post","3":"status-publish","4":"format-standard","5":"has-post-thumbnail","7":"category-ekonomi","8":"tag-business","9":"tag-economy","10":"tag-ekonomi","11":"tag-se","12":"tag-svenska","13":"tag-sverige","14":"tag-sweden","15":"tag-swedish"},"share_on_mastodon":{"url":"https:\/\/pubeurope.com\/@se\/115756145261857235","error":""},"_links":{"self":[{"href":"https:\/\/www.europesays.com\/se\/wp-json\/wp\/v2\/posts\/112523","targetHints":{"allow":["GET"]}}],"collection":[{"href":"https:\/\/www.europesays.com\/se\/wp-json\/wp\/v2\/posts"}],"about":[{"href":"https:\/\/www.europesays.com\/se\/wp-json\/wp\/v2\/types\/post"}],"author":[{"embeddable":true,"href":"https:\/\/www.europesays.com\/se\/wp-json\/wp\/v2\/users\/2"}],"replies":[{"embeddable":true,"href":"https:\/\/www.europesays.com\/se\/wp-json\/wp\/v2\/comments?post=112523"}],"version-history":[{"count":0,"href":"https:\/\/www.europesays.com\/se\/wp-json\/wp\/v2\/posts\/112523\/revisions"}],"wp:featuredmedia":[{"embeddable":true,"href":"https:\/\/www.europesays.com\/se\/wp-json\/wp\/v2\/media\/112524"}],"wp:attachment":[{"href":"https:\/\/www.europesays.com\/se\/wp-json\/wp\/v2\/media?parent=112523"}],"wp:term":[{"taxonomy":"category","embeddable":true,"href":"https:\/\/www.europesays.com\/se\/wp-json\/wp\/v2\/categories?post=112523"},{"taxonomy":"post_tag","embeddable":true,"href":"https:\/\/www.europesays.com\/se\/wp-json\/wp\/v2\/tags?post=112523"}],"curies":[{"name":"wp","href":"https:\/\/api.w.org\/{rel}","templated":true}]}}