{"id":112527,"date":"2025-12-21T06:36:57","date_gmt":"2025-12-21T06:36:57","guid":{"rendered":"https:\/\/www.europesays.com\/se\/112527\/"},"modified":"2025-12-21T06:36:57","modified_gmt":"2025-12-21T06:36:57","slug":"musks-gamla-nu-biljonpaket-godkant-igen","status":"publish","type":"post","link":"https:\/\/www.europesays.com\/se\/112527\/","title":{"rendered":"Musks gamla \u2013 nu biljonpaket \u2013 godk\u00e4nt igen"},"content":{"rendered":"<p class=\"boxtextgrotesk-root_baa6 hyperion-css-7pajle\">Publicerad 2025-12-20 08.37<\/p>\n<p>share-arrowDela<\/p>\n<p>unsaveSpara<\/p>\n<p>expand-left<\/p>\n<p>helsk\u00e4rm<img decoding=\"async\" class=\"image-asset hyperion-css-u06ts1\" data-test-tag=\"image-asset\" src=\"https:\/\/www.europesays.com\/se\/wp-content\/uploads\/2025\/12\/8cc59540-5d47-4bc3-9084-2244c3db4ccc\"  alt=\"Elon Musk. Bild fr\u00e5n i november.\"  loading=\"eager\" fetchpriority=\"high\" style=\"aspect-ratio:1900 \/ 1267\"\/>Elon Musk. Bild fr\u00e5n i november. Foto: Evan Vucci\/AP\/TT<\/p>\n<p class=\"hyperion-css-1shl3oz\" data-test-tag=\"lead-text\">V\u00e4rldens rikaste m\u00e4nniska ser ut att bli \u00e4nnu rikare. Delstaten Delawares h\u00f6gsta domstol beordrar nu utbetalning av ett ers\u00e4ttningspaket v\u00e4rt \u00f6ver 100 miljarder dollar till Tesla-chefen Elon Musk.<\/p>\n<p class=\"hyperion-css-1v9qo5x\">Musk har ingen l\u00f6n p\u00e5 Tesla, men fick 2018 elbilstillverkarens styrelse att godk\u00e4nna ett j\u00e4ttelikt bonuspaket. Om f\u00f6retaget n\u00e5dde h\u00f6gt uppsatta m\u00e5l skulle han f\u00e5 aktieoptioner som just nu v\u00e4rderas till runt 140 miljarder dollar (1,3 biljoner kronor).<\/p>\n<p class=\"hyperion-css-1v9qo5x\">Men paketet har blivit f\u00f6rem\u00e5l f\u00f6r en m\u00e5ng\u00e5rig dragkamp i domstolarna. Domaren Kathaleen McCormick i Delaware har flera g\u00e5nger ogiltigf\u00f6rklarat det, med motiveringen att det inte \u00e4r r\u00e4ttvist mot andra aktie\u00e4gare och att styrelsen \u00e4r f\u00f6r trogen Musk.<\/p>\n<p>Tolv delm\u00e5l<\/p>\n<p class=\"hyperion-css-1v9qo5x\">P\u00e5 fredagen fastslog dock USA-delstatens h\u00f6gsta domstol att paketet ska genomf\u00f6ras. Hur mycket det i slut\u00e4ndan \u00e4r v\u00e4rt \u00e5terst\u00e5r att se \u2013 det h\u00e4nger p\u00e5 b\u00f6rskursen och best\u00e5r av tolv delm\u00e5l som ska uppn\u00e5s under en tio\u00e5rsperiod, enligt den ursprungliga redog\u00f6relsen p\u00e5 Teslas webbplats.<\/p>\n<p class=\"hyperion-css-1v9qo5x\">Men om alla tolv stegen skulle omvandlas till reda pengar i dag skulle de vara v\u00e4rda n\u00e4stan 140 miljarder dollar, enligt CNN. Det kan j\u00e4mf\u00f6ras med Musks totala f\u00f6rm\u00f6genhet, som ber\u00e4knas uppg\u00e5 till runt 650 miljarder dollar (6 biljoner kronor) \u2013 vilket redan g\u00f6r honom till v\u00e4rldens rikaste person.<\/p>\n<p>Kan bli dollarbiljon\u00e4r<\/p>\n<p class=\"hyperion-css-1v9qo5x\">Fr\u00e5gor \u00e5terst\u00e5r dock fortfarande. Som vad som ska h\u00e4nda med de andra ers\u00e4ttningspaket Tesla godk\u00e4nt f\u00f6r Musk medan domstolsprocessen i Delaware p\u00e5g\u00e5tt. Enligt AP handlar det dels om ett \u201dtillf\u00e4lligt\u201d paket \u00e0 29 miljarder dollar fr\u00e5n i augusti i \u00e5r, dels en ny bonusplan avsedd att avl\u00f6sa paketet fr\u00e5n 2018.<\/p>\n<p class=\"hyperion-css-1v9qo5x\">Den sistn\u00e4mnda kan under en kommande tio\u00e5rsperiod \u2013 om Tesla forts\u00e4tter att uppn\u00e5 extrema tillv\u00e4xtm\u00e5l \u2013 leda till optioner f\u00f6r Musk v\u00e4rda upp till 1\u00a0000 miljarder dollar (9,3 biljoner kronor).<\/p>\n","protected":false},"excerpt":{"rendered":"Publicerad 2025-12-20 08.37 share-arrowDela unsaveSpara expand-left helsk\u00e4rmElon Musk. Bild fr\u00e5n i november. Foto: Evan Vucci\/AP\/TT V\u00e4rldens rikaste m\u00e4nniska&hellip;\n","protected":false},"author":2,"featured_media":112528,"comment_status":"","ping_status":"","sticky":false,"template":"","format":"standard","meta":{"footnotes":""},"categories":[65],"tags":[72,70,71,34,31,33,32,30],"class_list":{"0":"post-112527","1":"post","2":"type-post","3":"status-publish","4":"format-standard","5":"has-post-thumbnail","7":"category-ekonomi","8":"tag-business","9":"tag-economy","10":"tag-ekonomi","11":"tag-se","12":"tag-svenska","13":"tag-sverige","14":"tag-sweden","15":"tag-swedish"},"share_on_mastodon":{"url":"https:\/\/pubeurope.com\/@se\/115756180856723719","error":""},"_links":{"self":[{"href":"https:\/\/www.europesays.com\/se\/wp-json\/wp\/v2\/posts\/112527","targetHints":{"allow":["GET"]}}],"collection":[{"href":"https:\/\/www.europesays.com\/se\/wp-json\/wp\/v2\/posts"}],"about":[{"href":"https:\/\/www.europesays.com\/se\/wp-json\/wp\/v2\/types\/post"}],"author":[{"embeddable":true,"href":"https:\/\/www.europesays.com\/se\/wp-json\/wp\/v2\/users\/2"}],"replies":[{"embeddable":true,"href":"https:\/\/www.europesays.com\/se\/wp-json\/wp\/v2\/comments?post=112527"}],"version-history":[{"count":0,"href":"https:\/\/www.europesays.com\/se\/wp-json\/wp\/v2\/posts\/112527\/revisions"}],"wp:featuredmedia":[{"embeddable":true,"href":"https:\/\/www.europesays.com\/se\/wp-json\/wp\/v2\/media\/112528"}],"wp:attachment":[{"href":"https:\/\/www.europesays.com\/se\/wp-json\/wp\/v2\/media?parent=112527"}],"wp:term":[{"taxonomy":"category","embeddable":true,"href":"https:\/\/www.europesays.com\/se\/wp-json\/wp\/v2\/categories?post=112527"},{"taxonomy":"post_tag","embeddable":true,"href":"https:\/\/www.europesays.com\/se\/wp-json\/wp\/v2\/tags?post=112527"}],"curies":[{"name":"wp","href":"https:\/\/api.w.org\/{rel}","templated":true}]}}